{"id":46705,"date":"2023-10-21T12:18:20","date_gmt":"2023-10-21T18:18:20","guid":{"rendered":"https:\/\/encuentroinformativo.com.mx\/?p=46705"},"modified":"2023-10-21T12:18:21","modified_gmt":"2023-10-21T18:18:21","slug":"pecado-social","status":"publish","type":"post","link":"https:\/\/encuentroinformativo.com.mx\/?p=46705","title":{"rendered":"PECADO SOCIAL"},"content":{"rendered":"\n<p><strong>N\u00fameros Rojos<\/strong><\/p>\n\n\n\n<p><strong>Brenda Caballero<\/strong><\/p>\n\n\n\n<p>Yo confieso que he pecado mucho \u2013dijera la oraci\u00f3n\u2013 de palabra, obra y omisi\u00f3n. Confieso que hasta hace unos d\u00edas mis pecados eran capitales: un poco de soberbia, algo de gula, mucho de lujuria y de vez en cuando algo de pereza. Confieso que la envidia no es lo m\u00edo, ni la avaricia, pero s\u00ed alguna vez se ha desatado la ira en m\u00ed.\u00a0<\/p>\n\n\n\n<p>Dir\u00e1 usted: \u00bfA qu\u00e9 se debe esa confesi\u00f3n de mis pecados si usted no es sacerdote ni me dar\u00e1 la penitencia? \u00a1Pues al discurso del Presidente, el mismo que dio en su Ma\u00f1anera al sacar a luz el llamado \u201cPecado Social\u201d. S\u00ed\u2026 yo confieso jam\u00e1s haber escuchado a un Presidente hablar de pecados, pero dijeran por all\u00ed: \u00a1Andr\u00e9s Manuel lo volvi\u00f3 a hacer! \u00a1Reparti\u00f3 culpas y hasta pecados!<\/p>\n\n\n\n<p>Palabras m\u00e1s, palabras menos, el Presidente dijo: \u201cPrimero decir que es lamentable que estas cosas se est\u00e9n expresando, manifestado, que se den estas protestas, porque es injusto defender privilegios, es pecado social. \u00bfC\u00f3mo se va a defender a quienes viven colmados de extensiones, de privilegios?\u201d Sus palabras fueron en referencia a los que apoyan al Poder Judicial, en relaci\u00f3n a que los Fideicomisos que ascienden alrededor&nbsp; de 15 mil millones de pesos&nbsp; pasen del Consejo de la Judicatura a la Tesorer\u00eda de la Federaci\u00f3n y de all\u00ed sean etiquetados para programas sociales.<\/p>\n\n\n\n<p>En la Ma\u00f1anera del martes, L\u00f3pez Obrador hizo que los que est\u00e1n a favor del Poder Judicial ya no sean conservadores, fif\u00eds, aspiracionistas, clasistas, corruptos, hip\u00f3critas, sino \u00a1Pecadores! \u00a1Pecadores sociales!<\/p>\n\n\n\n<p>Con el pecado social, AMLO parece recordar al Obispo Gianfranco Girotti que en&nbsp; marzo del 2008 enumer\u00f3 las nuevas actitudes pecaminosas del hombre moderno: Las violaciones bio\u00e9ticas, como la anticoncepci\u00f3n; los experimentos moralmente dudosos, como la investigaci\u00f3n en c\u00e9lulas madre; la drogadicci\u00f3n, contaminar el medio ambiente; contribuir a ampliar la brecha entre los ricos y los pobres; la riqueza excesiva y generar pobreza.<\/p>\n\n\n\n<p>Mahatma Gandhi tambi\u00e9n habl\u00f3 en 1925 de los 7 Pecados Sociales: Riqueza sin trabajo, placer sin conciencia, conocimiento sin car\u00e1cter, comercio sin moral, ciencia sin humanidad, religi\u00f3n sin sacrificio y pol\u00edtica sin principios.&nbsp;<\/p>\n\n\n\n<p>Aunque viendo ambos, los pecados de Girotti le quedan al Presidente como anillo al dedo para referirse a los que defienden la extinci\u00f3n de los Fideicomisos del Poder Judicial.<\/p>\n\n\n\n<p>Al final, seguramente la extinci\u00f3n de los Fideicomisos se ir\u00e1 a la Corte y el Poder Judicial se quedar\u00e1 con ellos, pues de cierto modo sus ahorros como Poder Independiente se van a los Fideicomisos que tienen, fomentando de alguna manera el ahorro y justificando que nadie puede venir a quitarles lo que han ahorrado.<\/p>\n\n\n\n<p>Pero este pasaje del Presidente sin duda dejar\u00e1 una espinita en la poblaci\u00f3n que esperaba ese dinero para becas y apoyos sociales, una poblaci\u00f3n que en su mayor\u00eda, como lo dijo el mismo Presidente, gana 45 veces menos que los magistrados; una poblaci\u00f3n que espera m\u00e1s apoyos para vivir, para sacar el gasto o para pensar en satisfacer sus pecados capitales. Sin duda, ha dejado otra polarizaci\u00f3n m\u00e1s que seguramente le redituar\u00e1 en los pr\u00f3ximos comicios a su partido.<\/p>\n\n\n\n<p>Mientras tanto, a m\u00ed me dej\u00f3 pensando en tantos pecados que me cargo, pues aparte de los capitales, en mi conciencia pesa la contaminaci\u00f3n al medio ambiente\u2026 Yo Confieso\u2026<\/p>\n\n\n\n<p><a href=\"mailto:correo%3Acaballero_brenda@hotmail.com\" target=\"_blank\" rel=\"noreferrer noopener\">correo:caballero_brenda@hotmail.com<\/a><\/p>\n\n\n\n<p>Twitter: @NumerosRojos_BC<\/p>\n","protected":false},"excerpt":{"rendered":"<p>N\u00fameros Rojos Brenda Caballero Yo confieso que he pecado mucho \u2013dijera la oraci\u00f3n\u2013 de palabra, obra y omisi\u00f3n. Confieso que hasta hace unos d\u00edas mis pecados eran capitales: un poco de soberbia, algo de gula, mucho de lujuria y de vez en cuando algo de pereza. Confieso que la envidia no es lo m\u00edo, ni [&hellip;]<\/p>\n","protected":false},"author":2476,"featured_media":387,"comment_status":"open","ping_status":"open","sticky":false,"template":"","format":"standard","meta":{"_jetpack_memberships_contains_paid_content":false,"footnotes":""},"categories":[11],"tags":[],"class_list":["post-46705","post","type-post","status-publish","format-standard","has-post-thumbnail","hentry","category-opinion"],"jetpack_featured_media_url":"https:\/\/encuentroinformativo.com.mx\/wp-content\/uploads\/2020\/03\/7CF8A22B-2764-47BE-8F7F-38FE9E5D6A2F.jpeg","jetpack_sharing_enabled":true,"jetpack_likes_enabled":true,"amp_enabled":true,"_links":{"self":[{"href":"https:\/\/encuentroinformativo.com.mx\/index.php?rest_route=\/wp\/v2\/posts\/46705","targetHints":{"allow":["GET"]}}],"collection":[{"href":"https:\/\/encuentroinformativo.com.mx\/index.php?rest_route=\/wp\/v2\/posts"}],"about":[{"href":"https:\/\/encuentroinformativo.com.mx\/index.php?rest_route=\/wp\/v2\/types\/post"}],"author":[{"embeddable":true,"href":"https:\/\/encuentroinformativo.com.mx\/index.php?rest_route=\/wp\/v2\/users\/2476"}],"replies":[{"embeddable":true,"href":"https:\/\/encuentroinformativo.com.mx\/index.php?rest_route=%2Fwp%2Fv2%2Fcomments&post=46705"}],"version-history":[{"count":1,"href":"https:\/\/encuentroinformativo.com.mx\/index.php?rest_route=\/wp\/v2\/posts\/46705\/revisions"}],"predecessor-version":[{"id":46706,"href":"https:\/\/encuentroinformativo.com.mx\/index.php?rest_route=\/wp\/v2\/posts\/46705\/revisions\/46706"}],"wp:featuredmedia":[{"embeddable":true,"href":"https:\/\/encuentroinformativo.com.mx\/index.php?rest_route=\/wp\/v2\/media\/387"}],"wp:attachment":[{"href":"https:\/\/encuentroinformativo.com.mx\/index.php?rest_route=%2Fwp%2Fv2%2Fmedia&parent=46705"}],"wp:term":[{"taxonomy":"category","embeddable":true,"href":"https:\/\/encuentroinformativo.com.mx\/index.php?rest_route=%2Fwp%2Fv2%2Fcategories&post=46705"},{"taxonomy":"post_tag","embeddable":true,"href":"https:\/\/encuentroinformativo.com.mx\/index.php?rest_route=%2Fwp%2Fv2%2Ftags&post=46705"}],"curies":[{"name":"wp","href":"https:\/\/api.w.org\/{rel}","templated":true}]}}