{"id":46713,"date":"2023-10-21T13:18:18","date_gmt":"2023-10-21T19:18:18","guid":{"rendered":"https:\/\/encuentroinformativo.com.mx\/?p=46713"},"modified":"2023-10-21T16:21:09","modified_gmt":"2023-10-21T22:21:09","slug":"uv-merece-incremento-aprobado-por-ley-fesapauv","status":"publish","type":"post","link":"https:\/\/encuentroinformativo.com.mx\/?p=46713","title":{"rendered":"UV merece incremento aprobado por ley: FESAPAUV"},"content":{"rendered":"\n<p><strong>Dar\u00edo Pale <\/strong><\/p>\n\n\n\n<p>Xalapa, Ver.- El secretario general del Sindicato Estatal del Personal Acad\u00e9mico de la Universidad Veracruzana (FESAPAUV) Enrique Levet Gorozpe dio a conocer que es necesario que le otorguen a la UV el 4 por ciento del presupuesto y eso ser\u00eda insuficiente pero es lo que establece la ley.<\/p>\n\n\n\n<p>En entrevista se\u00f1al\u00f3 que, la UV merece que se le otorgue el 4 por ciento para que pueda ampliar la cobertura y mejorar la matr\u00edcula, elevar la calidad acad\u00e9mica y modernizarse, por lo cual es importante que se le otorgue ese recurso.<\/p>\n\n\n\n<p>Record\u00f3 que la Constituci\u00f3n establece que debe ser el 4 por ciento del presupuesto total del gobierno del estado, ya que recibe solo dos subsidios el federal y el estatal este \u00faltimo esta normado en la constituci\u00f3n.<\/p>\n\n\n\n<p>En otro orden de ideas record\u00f3 que la UV tiene una situaci\u00f3n muy especial en la rotaci\u00f3n del personal por o que al inicio del semestre siempre tienen problemas con algunos maestros interinos ya que no les hacen los pagos a tiempo, esto por problemas burocr\u00e1ticos y fallas administrativas.<\/p>\n\n\n\n<p>Dio a conocer que este viernes que pas\u00f3 se subsanaba casi el cien por ciento de los pendientes, a\u00fan no realizan el recuento ya que sacar\u00edan una n\u00f3mina complementaria para que pudieran resolver el problema de los adeudos, por lo que hasta el momento no han recibido quejas de los docentes.<\/p>\n\n\n\n<p>Se\u00f1al\u00f3 que el lunes har\u00e1n un balance de la situaci\u00f3n real, pero a su parecer ya todo se va resolviendo y quedando en normalidad.<\/p>\n\n\n\n<p>Por ultimo dio a conocer que el pr\u00f3ximo 16 y 17 de noviembre realizar\u00e1n el Congreso Estatal donde iniciar\u00e1n la etapa para la negociaci\u00f3n colectiva, donde aprobaran el anteproyecto del contrato colectivo que tendr\u00e1n que poner a consideraci\u00f3n de la UV para revisar las condiciones generales de trabajo y el incremento salarial.<\/p>\n","protected":false},"excerpt":{"rendered":"<p>Dar\u00edo Pale Xalapa, Ver.- El secretario general del Sindicato Estatal del Personal Acad\u00e9mico de la Universidad Veracruzana (FESAPAUV) Enrique Levet Gorozpe dio a conocer que es necesario que le otorguen a la UV el 4 por ciento del presupuesto y eso ser\u00eda insuficiente pero es lo que establece la ley. En entrevista se\u00f1al\u00f3 que, la [&hellip;]<\/p>\n","protected":false},"author":2476,"featured_media":46714,"comment_status":"open","ping_status":"open","sticky":false,"template":"","format":"standard","meta":{"_jetpack_memberships_contains_paid_content":false,"footnotes":""},"categories":[2],"tags":[],"class_list":["post-46713","post","type-post","status-publish","format-standard","has-post-thumbnail","hentry","category-estado"],"jetpack_featured_media_url":"https:\/\/encuentroinformativo.com.mx\/wp-content\/uploads\/2023\/10\/IMG-20231021-WA0074.jpg","jetpack_sharing_enabled":true,"jetpack_likes_enabled":true,"amp_enabled":true,"_links":{"self":[{"href":"https:\/\/encuentroinformativo.com.mx\/index.php?rest_route=\/wp\/v2\/posts\/46713","targetHints":{"allow":["GET"]}}],"collection":[{"href":"https:\/\/encuentroinformativo.com.mx\/index.php?rest_route=\/wp\/v2\/posts"}],"about":[{"href":"https:\/\/encuentroinformativo.com.mx\/index.php?rest_route=\/wp\/v2\/types\/post"}],"author":[{"embeddable":true,"href":"https:\/\/encuentroinformativo.com.mx\/index.php?rest_route=\/wp\/v2\/users\/2476"}],"replies":[{"embeddable":true,"href":"https:\/\/encuentroinformativo.com.mx\/index.php?rest_route=%2Fwp%2Fv2%2Fcomments&post=46713"}],"version-history":[{"count":1,"href":"https:\/\/encuentroinformativo.com.mx\/index.php?rest_route=\/wp\/v2\/posts\/46713\/revisions"}],"predecessor-version":[{"id":46715,"href":"https:\/\/encuentroinformativo.com.mx\/index.php?rest_route=\/wp\/v2\/posts\/46713\/revisions\/46715"}],"wp:featuredmedia":[{"embeddable":true,"href":"https:\/\/encuentroinformativo.com.mx\/index.php?rest_route=\/wp\/v2\/media\/46714"}],"wp:attachment":[{"href":"https:\/\/encuentroinformativo.com.mx\/index.php?rest_route=%2Fwp%2Fv2%2Fmedia&parent=46713"}],"wp:term":[{"taxonomy":"category","embeddable":true,"href":"https:\/\/encuentroinformativo.com.mx\/index.php?rest_route=%2Fwp%2Fv2%2Fcategories&post=46713"},{"taxonomy":"post_tag","embeddable":true,"href":"https:\/\/encuentroinformativo.com.mx\/index.php?rest_route=%2Fwp%2Fv2%2Ftags&post=46713"}],"curies":[{"name":"wp","href":"https:\/\/api.w.org\/{rel}","templated":true}]}}