{"id":46716,"date":"2023-10-21T16:29:13","date_gmt":"2023-10-21T22:29:13","guid":{"rendered":"https:\/\/encuentroinformativo.com.mx\/?p=46716"},"modified":"2023-10-21T16:29:13","modified_gmt":"2023-10-21T22:29:13","slug":"no-hay-division-en-el-prd-afirma-jesus-ortega","status":"publish","type":"post","link":"https:\/\/encuentroinformativo.com.mx\/?p=46716","title":{"rendered":"No hay divisi\u00f3n en el PRD, afirma Jes\u00fas Ortega"},"content":{"rendered":"\n<p><strong>Dar\u00edo Pale <\/strong><\/p>\n\n\n\n<p>Xalapa, Ver.- El ex dirigente nacional y l\u00edder moral del PRD Jes\u00fas Ortega Mart\u00ednez asegur\u00f3 que no existe divisionismo en el partido y que en Veracruz buscan logran la alianza con los partidos PAN y PRI para que puedan ganar la gubernatura y sacar a Morena de palacio de gobierno.<\/p>\n\n\n\n<p>En entrevista previa a la reuni\u00f3n &#8220;Volvamos a Rescatar a Veracruz&#8221;, asegur\u00f3 que no existe divisi\u00f3n en el partido, refiri\u00f3 que se debe aplicar un m\u00e9todo para seleccionar a la persona que represente al Frente Amplio por Veracruz.<\/p>\n\n\n\n<p>&#8220;Si el PAN tiene esa pretensi\u00f3n (encabezar la alianza), nosotros tambi\u00e9n tenemos la pretensi\u00f3n con otras candidaturas, seguramente el PRI tendr\u00e1 otras, le haremos igual que lo hicimos a nivel nacional, con encuestas, sondeos, debates, discusiones&#8221;, se\u00f1al\u00f3.<\/p>\n\n\n\n<p>Inform\u00f3 que buscan lograr candidaturas ciudadanas, &#8220;mal har\u00eda en dar nombres de personas que ya sabemos, nosotros intentamos que sean otros nombres, ojal\u00e1 el PAN est\u00e9 en lo mismo, ojal\u00e1 el PRI est\u00e9 en lo mismo&#8221;.<\/p>\n\n\n\n<p>El perredista reconoci\u00f3 que si no se logra la alianza no se le podr\u00e1 ganar a Morena, &#8220;Si no se logra la alianza s\u00ed estamos en el riesgo de perder, con nuestra propia fuerza militante ser\u00e1 insuficiente, necesitamos la fuerza ciudadana, hay que ir por ellos&#8221;, expres\u00f3.<\/p>\n\n\n\n<p>Adem\u00e1s, manifest\u00f3 que el PRD no est\u00e1 en el mejor momento, ya que se tienen algunas dificultades con la fractura que hubo a nivel nacional, causada por Andr\u00e9s Manuel L\u00f3pez Obrador.<\/p>\n\n\n\n<p>&#8220;Estoy seguro de que los trabajos que estamos haciendo permitir\u00e1n que el PRD no solamente siga subsistiendo, sino que recupere su funci\u00f3n de fuerza pol\u00edtica&#8221;, coment\u00f3.<\/p>\n\n\n\n<p>Destac\u00f3 que a nivel nacional la Comisi\u00f3n de Candidaturas analizar\u00e1 todas las propuestas de las personas que buscan representar al partido, por lo que consider\u00f3 que desde el nacional se tomar\u00e1n los acuerdos necesarios para que la asignaci\u00f3n de candidaturas sea equitativa.<\/p>\n\n\n\n<p>Al ser cuestionado sobre la inasistencia del dirigente estatal del partido, Sergio Cadena Mart\u00ednez, el exdirigente nacional afirm\u00f3 que no existe divisi\u00f3n en el partido, sino que hay varias reuniones a las que no asisten los dirigentes estatales porque tienen su propia agenda o &#8220;diversas circunstancias se presentan&#8221;.<\/p>\n\n\n\n<p>&#8220;El que no est\u00e9 en este momento el dirigente no quiere decir que haya un conflicto. Son muchos perredistas y no voy a contradecir a nadie, de lo que se trata es avanzar en la unidad y de encontrarnos todos para que el PRD sea fortalecido, qu\u00e9 motivo tendr\u00eda yo para profundizar y descalificar&#8221;, aclar\u00f3.<\/p>\n\n\n\n<p>Finalmente dio a conocer que el partido en Veracruz continuar\u00e1 con las acciones necesarias para recuperar la fuerza que se ten\u00eda, por lo que descart\u00f3 la posibilidad de que el PRD se quede sin registro en las pr\u00f3ximas elecciones.<\/p>\n","protected":false},"excerpt":{"rendered":"<p>Dar\u00edo Pale Xalapa, Ver.- El ex dirigente nacional y l\u00edder moral del PRD Jes\u00fas Ortega Mart\u00ednez asegur\u00f3 que no existe divisionismo en el partido y que en Veracruz buscan logran la alianza con los partidos PAN y PRI para que puedan ganar la gubernatura y sacar a Morena de palacio de gobierno. En entrevista previa [&hellip;]<\/p>\n","protected":false},"author":2476,"featured_media":46717,"comment_status":"open","ping_status":"open","sticky":false,"template":"","format":"standard","meta":{"_jetpack_memberships_contains_paid_content":false,"footnotes":""},"categories":[2],"tags":[],"class_list":["post-46716","post","type-post","status-publish","format-standard","has-post-thumbnail","hentry","category-estado"],"jetpack_featured_media_url":"https:\/\/encuentroinformativo.com.mx\/wp-content\/uploads\/2023\/10\/IMG-20231021-WA0040.jpg","jetpack_sharing_enabled":true,"jetpack_likes_enabled":true,"amp_enabled":true,"_links":{"self":[{"href":"https:\/\/encuentroinformativo.com.mx\/index.php?rest_route=\/wp\/v2\/posts\/46716","targetHints":{"allow":["GET"]}}],"collection":[{"href":"https:\/\/encuentroinformativo.com.mx\/index.php?rest_route=\/wp\/v2\/posts"}],"about":[{"href":"https:\/\/encuentroinformativo.com.mx\/index.php?rest_route=\/wp\/v2\/types\/post"}],"author":[{"embeddable":true,"href":"https:\/\/encuentroinformativo.com.mx\/index.php?rest_route=\/wp\/v2\/users\/2476"}],"replies":[{"embeddable":true,"href":"https:\/\/encuentroinformativo.com.mx\/index.php?rest_route=%2Fwp%2Fv2%2Fcomments&post=46716"}],"version-history":[{"count":1,"href":"https:\/\/encuentroinformativo.com.mx\/index.php?rest_route=\/wp\/v2\/posts\/46716\/revisions"}],"predecessor-version":[{"id":46718,"href":"https:\/\/encuentroinformativo.com.mx\/index.php?rest_route=\/wp\/v2\/posts\/46716\/revisions\/46718"}],"wp:featuredmedia":[{"embeddable":true,"href":"https:\/\/encuentroinformativo.com.mx\/index.php?rest_route=\/wp\/v2\/media\/46717"}],"wp:attachment":[{"href":"https:\/\/encuentroinformativo.com.mx\/index.php?rest_route=%2Fwp%2Fv2%2Fmedia&parent=46716"}],"wp:term":[{"taxonomy":"category","embeddable":true,"href":"https:\/\/encuentroinformativo.com.mx\/index.php?rest_route=%2Fwp%2Fv2%2Fcategories&post=46716"},{"taxonomy":"post_tag","embeddable":true,"href":"https:\/\/encuentroinformativo.com.mx\/index.php?rest_route=%2Fwp%2Fv2%2Ftags&post=46716"}],"curies":[{"name":"wp","href":"https:\/\/api.w.org\/{rel}","templated":true}]}}