{"id":46719,"date":"2023-10-22T13:43:55","date_gmt":"2023-10-22T19:43:55","guid":{"rendered":"https:\/\/encuentroinformativo.com.mx\/?p=46719"},"modified":"2023-10-22T13:43:56","modified_gmt":"2023-10-22T19:43:56","slug":"la-necesidad-de-dominar-y-poseer-el-mundo","status":"publish","type":"post","link":"https:\/\/encuentroinformativo.com.mx\/?p=46719","title":{"rendered":"La necesidad de dominar y poseer el mundo"},"content":{"rendered":"\n<p><strong>Columna de Opini\u00f3n <\/strong><\/p>\n\n\n\n<p><strong>Zaira Rosas<\/strong><\/p>\n\n\n\n<p>La guerra entre Israel y Ham\u00e1s, los peligros de la inteligencia artificial, el incesante cambio clim\u00e1tico e incluso las noticias de far\u00e1ndula tienen algo en com\u00fan: la necesidad de poder que hemos mostrado como seres humanos, la b\u00fasqueda constante de dominar a otro, de tener el descubrimiento que nos permita controlar el mundo, mostrar la superioridad de nuestro ser por encima de otras especies. Todo esto nos est\u00e1 llevando como sociedad a la mayor destrucci\u00f3n.&nbsp;<\/p>\n\n\n\n<p>Llevamos siglos intentando demostrar qui\u00e9n es m\u00e1s fuerte, colonizar la tierra, invadiendo ecosistemas, buscando \u00fanicamente nuestro bienestar y desarrollo, sin siquiera ser conscientes de que quiz\u00e1s tanta expansi\u00f3n eventualmente se revierta. La necesidad del control de los territorios no es algo nuevo, as\u00ed surgieron nuevas poblaciones con la mezcla de razas y culturas, pero tambi\u00e9n con el exterminio de otras. Pareciera una utop\u00eda la idea de ignorar fronteras y convivir bajo una misma idea: el respeto a los derechos humanos.&nbsp;<\/p>\n\n\n\n<p>Pero incluso bajo esa idea de respeto dejamos de lado a otras especies, el cuidado de nuestra casa com\u00fan que con la misma urgencia nos pide hacer un alto a lo que mal hemos llamado desarrollo y civilizaci\u00f3n, las grandes construcciones piden a gritos un cambio e incluso incorporar en este ideario de crecimiento el uso de otros materiales que se adapten a las temperaturas en aumento, que puedan regresar un poco de estabilidad a los espacios siendo m\u00e1s amigables con los ecosistemas.&nbsp;<\/p>\n\n\n\n<p>El creciente desarrollo tecnol\u00f3gico y la necesidad de dominar el mundo nos ha permitido inventar nuevas herramientas, que si bien pueden facilitar tareas, en condiciones incorrectas se vuelven una verdadera amenaza, as\u00ed pas\u00f3 con la bomba at\u00f3mica y hoy en d\u00eda el mayor punto de vulnerabilidad se encuentra en el mundo digital, donde la inteligencia artificial puede resolver m\u00faltiples cuestionamientos, pero en igual magnitud generar dilemas y debates sobre el rumbo que hemos de tomar, pues la l\u00ednea que separa la realidad del mundo digital es cada vez m\u00e1s delgada.&nbsp;<\/p>\n\n\n\n<p>La \u00e9tica se vuelve una necesidad imperante, el cuestionarnos la divisi\u00f3n entre el bien y el mal, dejar de apoyar atentados por la lucha de un territorio que en estricto sentido no pertenece a nadie, hemos de defender la humanidad, conciliar y trabajar en el crecimiento profundo de la empat\u00eda. Porque s\u00f3lo bajo la solidaridad y empat\u00eda dejaremos de cultivar una expansi\u00f3n tan dispar, donde se benefician unos cuantos a costa de otros muchos.&nbsp;<\/p>\n\n\n\n<p>Hemos de ser conscientes de las huellas que dejamos a nuestro paso, abrir los ojos a otras realidades, conciliar entre culturas, escuchar nuestra diversidad y pensar en avanzar de manera conjunta, aunque quiz\u00e1s a ritmos menos acelerados.&nbsp;<\/p>\n\n\n\n<p>Llegamos a un punto donde las crisis son tan cotidianas que no lastiman, donde se vuelve casi nulo el concepto de empat\u00eda y a\u00fan tenemos pendientes muchas batallas humanas, necesitamos profundizar en nuestra humanidad, para comprender cu\u00e1n urgente es en nuestra sociedad un cambio, considerar que el desarrollo que hemos sostenido ha dejado de ser sostenible, hemos de encontrar un equilibrio entre nuestra permanencia y el entorno. Es urgente y sumamente necesario comenzar a vernos como espejos de otras personas pero tambi\u00e9n de todas las especies.&nbsp;<\/p>\n","protected":false},"excerpt":{"rendered":"<p>Columna de Opini\u00f3n Zaira Rosas La guerra entre Israel y Ham\u00e1s, los peligros de la inteligencia artificial, el incesante cambio clim\u00e1tico e incluso las noticias de far\u00e1ndula tienen algo en com\u00fan: la necesidad de poder que hemos mostrado como seres humanos, la b\u00fasqueda constante de dominar a otro, de tener el descubrimiento que nos permita [&hellip;]<\/p>\n","protected":false},"author":2476,"featured_media":387,"comment_status":"open","ping_status":"open","sticky":false,"template":"","format":"standard","meta":{"_jetpack_memberships_contains_paid_content":false,"footnotes":""},"categories":[11],"tags":[],"class_list":["post-46719","post","type-post","status-publish","format-standard","has-post-thumbnail","hentry","category-opinion"],"jetpack_featured_media_url":"https:\/\/encuentroinformativo.com.mx\/wp-content\/uploads\/2020\/03\/7CF8A22B-2764-47BE-8F7F-38FE9E5D6A2F.jpeg","jetpack_sharing_enabled":true,"jetpack_likes_enabled":true,"amp_enabled":true,"_links":{"self":[{"href":"https:\/\/encuentroinformativo.com.mx\/index.php?rest_route=\/wp\/v2\/posts\/46719","targetHints":{"allow":["GET"]}}],"collection":[{"href":"https:\/\/encuentroinformativo.com.mx\/index.php?rest_route=\/wp\/v2\/posts"}],"about":[{"href":"https:\/\/encuentroinformativo.com.mx\/index.php?rest_route=\/wp\/v2\/types\/post"}],"author":[{"embeddable":true,"href":"https:\/\/encuentroinformativo.com.mx\/index.php?rest_route=\/wp\/v2\/users\/2476"}],"replies":[{"embeddable":true,"href":"https:\/\/encuentroinformativo.com.mx\/index.php?rest_route=%2Fwp%2Fv2%2Fcomments&post=46719"}],"version-history":[{"count":1,"href":"https:\/\/encuentroinformativo.com.mx\/index.php?rest_route=\/wp\/v2\/posts\/46719\/revisions"}],"predecessor-version":[{"id":46720,"href":"https:\/\/encuentroinformativo.com.mx\/index.php?rest_route=\/wp\/v2\/posts\/46719\/revisions\/46720"}],"wp:featuredmedia":[{"embeddable":true,"href":"https:\/\/encuentroinformativo.com.mx\/index.php?rest_route=\/wp\/v2\/media\/387"}],"wp:attachment":[{"href":"https:\/\/encuentroinformativo.com.mx\/index.php?rest_route=%2Fwp%2Fv2%2Fmedia&parent=46719"}],"wp:term":[{"taxonomy":"category","embeddable":true,"href":"https:\/\/encuentroinformativo.com.mx\/index.php?rest_route=%2Fwp%2Fv2%2Fcategories&post=46719"},{"taxonomy":"post_tag","embeddable":true,"href":"https:\/\/encuentroinformativo.com.mx\/index.php?rest_route=%2Fwp%2Fv2%2Ftags&post=46719"}],"curies":[{"name":"wp","href":"https:\/\/api.w.org\/{rel}","templated":true}]}}