{"id":46721,"date":"2023-10-22T13:52:14","date_gmt":"2023-10-22T19:52:14","guid":{"rendered":"https:\/\/encuentroinformativo.com.mx\/?p=46721"},"modified":"2023-10-22T13:52:15","modified_gmt":"2023-10-22T19:52:15","slug":"marchan-en-defensa-del-poder-judicial","status":"publish","type":"post","link":"https:\/\/encuentroinformativo.com.mx\/?p=46721","title":{"rendered":"Marchan en defensa del Poder Judicial"},"content":{"rendered":"\n<p><strong>Juan Arcos <\/strong><\/p>\n\n\n\n<p>Xalapa, Ver.- Decenas de ciudadanas y ciudadanos protestaron en el centro de la ciudad de Xalapa en defensa del Poder Judicial de la Federaci\u00f3n ante la desaparici\u00f3n de fideicomisos.<\/p>\n\n\n\n<p>Este domingo 22 de octubre, personas marcharon en el primer cuadro de la ciudad y cerraron la calle Juan de la Luz Enr\u00edquez para exigir que cesen los presuntos atentados y recortes presupuestales al Poder Judicial.<\/p>\n\n\n\n<p>En la movilizaci\u00f3n participaron empleados del Poder Judicial de la Federaci\u00f3n y miembros de la sociedad civil, quienes cerraron el centro de la capital durante m\u00e1s de una hora, liberando la vialidad a las 11:46 horas.<\/p>\n\n\n\n<p>Las personas vest\u00edan de blanco y algunas portaban playeras con la leyenda: \u201c\u00a1todos somos Poder Judicial de la Federaci\u00f3n!\u201d.<\/p>\n\n\n\n<p>De acuerdo con \u00d3scar Valerio, extrabajador del Poder Judicial, es necesario que el gobierno federal respete la autonom\u00eda de los distintos poderes, en este caso del Judicial.<\/p>\n\n\n\n<p>\u201cEs importante que la gente tome conciencia de la divisi\u00f3n de poderes, las regulaciones internas de cada uno de ellos y las formas en las que puede haber alguna intervenci\u00f3n\u201d.<\/p>\n\n\n\n<p>Las protestas en la ciudad de Xalapa para la defensa del presupuesto del Poder Judicial de la Federaci\u00f3n iniciaron el pasado 12 de octubre.<\/p>\n\n\n\n<p>En esta ocasi\u00f3n, llevaban lonas, grandes de color negro, donde a letras verdes y blancas se le\u00eda: \u201c\u00a1la ley si es la ley!, el Poder Judicial no se toca\u201d.<\/p>\n\n\n\n<p>La gente se sum\u00f3 a la marcha nacional en respaldo al Poder Judicial de la Federaci\u00f3n contra la reforma para desaparecer 13 fideicomisos, la cual fue impulsada por el presidente Andr\u00e9s Manuel L\u00f3pez Obrador.<\/p>\n","protected":false},"excerpt":{"rendered":"<p>Juan Arcos Xalapa, Ver.- Decenas de ciudadanas y ciudadanos protestaron en el centro de la ciudad de Xalapa en defensa del Poder Judicial de la Federaci\u00f3n ante la desaparici\u00f3n de fideicomisos. Este domingo 22 de octubre, personas marcharon en el primer cuadro de la ciudad y cerraron la calle Juan de la Luz Enr\u00edquez para [&hellip;]<\/p>\n","protected":false},"author":2476,"featured_media":46722,"comment_status":"open","ping_status":"open","sticky":false,"template":"","format":"standard","meta":{"_jetpack_memberships_contains_paid_content":false,"footnotes":""},"categories":[3],"tags":[],"class_list":["post-46721","post","type-post","status-publish","format-standard","has-post-thumbnail","hentry","category-xalapa"],"jetpack_featured_media_url":"https:\/\/encuentroinformativo.com.mx\/wp-content\/uploads\/2023\/10\/IMG_8561.jpg","jetpack_sharing_enabled":true,"jetpack_likes_enabled":true,"amp_enabled":true,"_links":{"self":[{"href":"https:\/\/encuentroinformativo.com.mx\/index.php?rest_route=\/wp\/v2\/posts\/46721","targetHints":{"allow":["GET"]}}],"collection":[{"href":"https:\/\/encuentroinformativo.com.mx\/index.php?rest_route=\/wp\/v2\/posts"}],"about":[{"href":"https:\/\/encuentroinformativo.com.mx\/index.php?rest_route=\/wp\/v2\/types\/post"}],"author":[{"embeddable":true,"href":"https:\/\/encuentroinformativo.com.mx\/index.php?rest_route=\/wp\/v2\/users\/2476"}],"replies":[{"embeddable":true,"href":"https:\/\/encuentroinformativo.com.mx\/index.php?rest_route=%2Fwp%2Fv2%2Fcomments&post=46721"}],"version-history":[{"count":1,"href":"https:\/\/encuentroinformativo.com.mx\/index.php?rest_route=\/wp\/v2\/posts\/46721\/revisions"}],"predecessor-version":[{"id":46723,"href":"https:\/\/encuentroinformativo.com.mx\/index.php?rest_route=\/wp\/v2\/posts\/46721\/revisions\/46723"}],"wp:featuredmedia":[{"embeddable":true,"href":"https:\/\/encuentroinformativo.com.mx\/index.php?rest_route=\/wp\/v2\/media\/46722"}],"wp:attachment":[{"href":"https:\/\/encuentroinformativo.com.mx\/index.php?rest_route=%2Fwp%2Fv2%2Fmedia&parent=46721"}],"wp:term":[{"taxonomy":"category","embeddable":true,"href":"https:\/\/encuentroinformativo.com.mx\/index.php?rest_route=%2Fwp%2Fv2%2Fcategories&post=46721"},{"taxonomy":"post_tag","embeddable":true,"href":"https:\/\/encuentroinformativo.com.mx\/index.php?rest_route=%2Fwp%2Fv2%2Ftags&post=46721"}],"curies":[{"name":"wp","href":"https:\/\/api.w.org\/{rel}","templated":true}]}}