{"id":46727,"date":"2023-10-23T09:59:02","date_gmt":"2023-10-23T15:59:02","guid":{"rendered":"https:\/\/encuentroinformativo.com.mx\/?p=46727"},"modified":"2023-10-23T09:59:05","modified_gmt":"2023-10-23T15:59:05","slug":"necesario-consolidar-expo-turismo-veracruz-como-evento-de-negocios-cometur","status":"publish","type":"post","link":"https:\/\/encuentroinformativo.com.mx\/?p=46727","title":{"rendered":"Necesario consolidar Expo Turismo Veracruz como evento de negocios: COMETUR"},"content":{"rendered":"\n<p><strong>Alejandro \u00c1vila<\/strong><\/p>\n\n\n\n<p>Veracruz, Ver.- Se debe tener paciencia y constancia si la Expo Turismo Veracruz se quiere consolidar como evento de negocios, manifest\u00f3 el presidente del Consejo Metropolitano de Turismo (COMETUR), Sergio Lois Heredia.<\/p>\n\n\n\n<p>Este evento que se llevar\u00e1 a cabo en el World Trade Center de Boca del R\u00edo del 7 al 9 de noviembre y que atraer\u00e1 a 8 pa\u00edses con miras a negocios futuros, es una buena oportunidad para potencializar a Veracruz en cuanto a turismo internacional, dijo el empresario.<\/p>\n\n\n\n<p>&#8220;Me parece que el a\u00f1o pasado tuvo una buena aceptaci\u00f3n, esperemos que este a\u00f1o se consolide y que esto sea la pauta para que en pr\u00f3ximos a\u00f1os pueda ir tomando un mayor nombre tanto a nivel nacional como internacional. Que vengan 8 pa\u00edses invitados creo que es bueno para intentar proyectar Veracruz como un destino tur\u00edstico a un nivel un poco m\u00e1s internacional, recordemos que Veracruz tiene un 80 &#8211; 90 por ciento de turismo nacional, el turismo internacional a Veracruz llega muy poco, el que llega generalmente llega por cuestiones de trabajo, es muy poco el turismo internacional que historicamente viene a Veracruz por placer, por ocio&#8221;, declar\u00f3.<\/p>\n\n\n\n<p>Sergio Lois, dijo que en eventos como este se deben lograr contactos con empresas transnacionales que puedan crear rutas turisticas a M\u00e9xico y que tomen en cuenta a Veracruz como una prioridad.<\/p>\n\n\n\n<p>&#8220;Veracruz tiene mucho que ofrecer a los pa\u00edses europeos, porque tiene muchas cosas que ellos no tienen. De entrada la gastronom\u00eda \u00fanica, yo creo que eso a la cultura europea le puede encantar, porque le encanta la gastronom\u00eda mexicana como tal y pues la veracruzana yo creo que es una de las m\u00e1s importantes de M\u00e9xico. Me parece que tambi\u00e9n lo que es la historia y las tradiciones que van muy ligadas a Europa en Veracruz, porque recordemos que de Veracruz entr\u00f3 esta cultura europea la cual tiene una gran influencia en la manera de pensar y de vivir de todos los mexicanos actualmente, y creo que ese v\u00ednculo que tiene Veracruz con esas culturas europeas es tambi\u00e9n muy interesante que se les puede ofrecer a ellos para que se sientan identificados con la ciudad y les guste venir y lo recomienden a los dem\u00e1s. Veracruz creo que tiene lugares muy bonitos y sobre todo distintos a lo que pueden llegar a tener los pa\u00edses europeos&#8221;, enfatiz\u00f3.<\/p>\n\n\n\n<p>Cabe recordar que durante la Expo Turismo Veracruz 2023 estar\u00e1n presenten empresas y empresarios del ramo tur\u00edstico de pa\u00edses como: Venezuela, Bolivia, Cuba, Rep\u00fablica Dominicana, Belice, Espa\u00f1a, Hungr\u00eda y Honduras; adem\u00e1s de los alcaldes de Almer\u00eda (Espa\u00f1a), Puerto Cort\u00e9s (Honduras) y Santo Domingo (Rep\u00fablica Dominicana).<\/p>\n","protected":false},"excerpt":{"rendered":"<p>Alejandro \u00c1vila Veracruz, Ver.- Se debe tener paciencia y constancia si la Expo Turismo Veracruz se quiere consolidar como evento de negocios, manifest\u00f3 el presidente del Consejo Metropolitano de Turismo (COMETUR), Sergio Lois Heredia. Este evento que se llevar\u00e1 a cabo en el World Trade Center de Boca del R\u00edo del 7 al 9 de [&hellip;]<\/p>\n","protected":false},"author":2476,"featured_media":46728,"comment_status":"open","ping_status":"open","sticky":false,"template":"","format":"standard","meta":{"_jetpack_memberships_contains_paid_content":false,"footnotes":""},"categories":[2],"tags":[],"class_list":["post-46727","post","type-post","status-publish","format-standard","has-post-thumbnail","hentry","category-estado"],"jetpack_featured_media_url":"https:\/\/encuentroinformativo.com.mx\/wp-content\/uploads\/2023\/10\/IMG-20231023-WA0009.jpg","jetpack_sharing_enabled":true,"jetpack_likes_enabled":true,"amp_enabled":true,"_links":{"self":[{"href":"https:\/\/encuentroinformativo.com.mx\/index.php?rest_route=\/wp\/v2\/posts\/46727","targetHints":{"allow":["GET"]}}],"collection":[{"href":"https:\/\/encuentroinformativo.com.mx\/index.php?rest_route=\/wp\/v2\/posts"}],"about":[{"href":"https:\/\/encuentroinformativo.com.mx\/index.php?rest_route=\/wp\/v2\/types\/post"}],"author":[{"embeddable":true,"href":"https:\/\/encuentroinformativo.com.mx\/index.php?rest_route=\/wp\/v2\/users\/2476"}],"replies":[{"embeddable":true,"href":"https:\/\/encuentroinformativo.com.mx\/index.php?rest_route=%2Fwp%2Fv2%2Fcomments&post=46727"}],"version-history":[{"count":1,"href":"https:\/\/encuentroinformativo.com.mx\/index.php?rest_route=\/wp\/v2\/posts\/46727\/revisions"}],"predecessor-version":[{"id":46729,"href":"https:\/\/encuentroinformativo.com.mx\/index.php?rest_route=\/wp\/v2\/posts\/46727\/revisions\/46729"}],"wp:featuredmedia":[{"embeddable":true,"href":"https:\/\/encuentroinformativo.com.mx\/index.php?rest_route=\/wp\/v2\/media\/46728"}],"wp:attachment":[{"href":"https:\/\/encuentroinformativo.com.mx\/index.php?rest_route=%2Fwp%2Fv2%2Fmedia&parent=46727"}],"wp:term":[{"taxonomy":"category","embeddable":true,"href":"https:\/\/encuentroinformativo.com.mx\/index.php?rest_route=%2Fwp%2Fv2%2Fcategories&post=46727"},{"taxonomy":"post_tag","embeddable":true,"href":"https:\/\/encuentroinformativo.com.mx\/index.php?rest_route=%2Fwp%2Fv2%2Ftags&post=46727"}],"curies":[{"name":"wp","href":"https:\/\/api.w.org\/{rel}","templated":true}]}}