{"id":46734,"date":"2023-10-23T11:32:04","date_gmt":"2023-10-23T17:32:04","guid":{"rendered":"https:\/\/encuentroinformativo.com.mx\/?p=46734"},"modified":"2023-10-23T11:32:14","modified_gmt":"2023-10-23T17:32:14","slug":"veracruzana-por-conviccion-insiste-nahle","status":"publish","type":"post","link":"https:\/\/encuentroinformativo.com.mx\/?p=46734","title":{"rendered":"&#8216;Veracruzana por convicci\u00f3n&#8217;, insiste Nahle"},"content":{"rendered":"\n<p><strong>Alejandro \u00c1vila<\/strong><\/p>\n\n\n\n<p>Veracruz, Ver.- La aspirante a la coordinaci\u00f3n de la Cuarta Transformaci\u00f3n en Veracruz, Roc\u00edo Nahle Garc\u00eda, asegur\u00f3 durante su visita en la sierra de Soteapan, que las mujeres son parte importante de su proyecto de gobierno.<\/p>\n\n\n\n<p>&#8220;Ha sido una lucha hist\u00f3rica en la que, como mujeres, nos hemos preparado para trabajar con equidad, de la mano de los compa\u00f1eros para seguir elevando a Veracruz y que sea el mejor estado de la Rep\u00fablica en todo sentido&#8221;, dijo.<\/p>\n\n\n\n<p>Roc\u00edo Nahle asest\u00f3 que, es veracruzana por convicci\u00f3n, arraigo y amor, al igual que muchos otros que han llegado a la entidad para dar frutos, trabajo y crear un hogar.<\/p>\n\n\n\n<p>\u201cVamos a caminar, vamos a tocar puerta por puerta y decirle a la gente que vamos a continuar con este r\u00e9gimen de transformaci\u00f3n y progresista; es parte de la organizaci\u00f3n en la que debemos de estar trabajando\u201d.<\/p>\n\n\n\n<p>Roc\u00edo Nahle destac\u00f3 que decidi\u00f3 iniciar en Soteapan, porque el compromiso de Morena es ah\u00ed, con los m\u00e1s necesitados, con la base social.<\/p>\n\n\n\n<p>&#8220;Este movimiento naci\u00f3 libre y as\u00ed debe continuar; con libre albedr\u00edo, que cada quien defina sus convicciones y lo que quiere. Por eso estoy aqu\u00ed , en la sierra, para decirle que nuestra libertad nos ha costado y vamos a continuar con ella&#8221;, expres\u00f3.<\/p>\n","protected":false},"excerpt":{"rendered":"<p>Alejandro \u00c1vila Veracruz, Ver.- La aspirante a la coordinaci\u00f3n de la Cuarta Transformaci\u00f3n en Veracruz, Roc\u00edo Nahle Garc\u00eda, asegur\u00f3 durante su visita en la sierra de Soteapan, que las mujeres son parte importante de su proyecto de gobierno. &#8220;Ha sido una lucha hist\u00f3rica en la que, como mujeres, nos hemos preparado para trabajar con equidad, [&hellip;]<\/p>\n","protected":false},"author":2476,"featured_media":46735,"comment_status":"open","ping_status":"open","sticky":false,"template":"","format":"standard","meta":{"_jetpack_memberships_contains_paid_content":false,"footnotes":""},"categories":[2],"tags":[],"class_list":["post-46734","post","type-post","status-publish","format-standard","has-post-thumbnail","hentry","category-estado"],"jetpack_featured_media_url":"https:\/\/encuentroinformativo.com.mx\/wp-content\/uploads\/2023\/10\/IMG-20231023-WA0045.jpg","jetpack_sharing_enabled":true,"jetpack_likes_enabled":true,"amp_enabled":true,"_links":{"self":[{"href":"https:\/\/encuentroinformativo.com.mx\/index.php?rest_route=\/wp\/v2\/posts\/46734","targetHints":{"allow":["GET"]}}],"collection":[{"href":"https:\/\/encuentroinformativo.com.mx\/index.php?rest_route=\/wp\/v2\/posts"}],"about":[{"href":"https:\/\/encuentroinformativo.com.mx\/index.php?rest_route=\/wp\/v2\/types\/post"}],"author":[{"embeddable":true,"href":"https:\/\/encuentroinformativo.com.mx\/index.php?rest_route=\/wp\/v2\/users\/2476"}],"replies":[{"embeddable":true,"href":"https:\/\/encuentroinformativo.com.mx\/index.php?rest_route=%2Fwp%2Fv2%2Fcomments&post=46734"}],"version-history":[{"count":1,"href":"https:\/\/encuentroinformativo.com.mx\/index.php?rest_route=\/wp\/v2\/posts\/46734\/revisions"}],"predecessor-version":[{"id":46736,"href":"https:\/\/encuentroinformativo.com.mx\/index.php?rest_route=\/wp\/v2\/posts\/46734\/revisions\/46736"}],"wp:featuredmedia":[{"embeddable":true,"href":"https:\/\/encuentroinformativo.com.mx\/index.php?rest_route=\/wp\/v2\/media\/46735"}],"wp:attachment":[{"href":"https:\/\/encuentroinformativo.com.mx\/index.php?rest_route=%2Fwp%2Fv2%2Fmedia&parent=46734"}],"wp:term":[{"taxonomy":"category","embeddable":true,"href":"https:\/\/encuentroinformativo.com.mx\/index.php?rest_route=%2Fwp%2Fv2%2Fcategories&post=46734"},{"taxonomy":"post_tag","embeddable":true,"href":"https:\/\/encuentroinformativo.com.mx\/index.php?rest_route=%2Fwp%2Fv2%2Ftags&post=46734"}],"curies":[{"name":"wp","href":"https:\/\/api.w.org\/{rel}","templated":true}]}}