{"id":46743,"date":"2023-10-23T12:22:58","date_gmt":"2023-10-23T18:22:58","guid":{"rendered":"https:\/\/encuentroinformativo.com.mx\/?p=46743"},"modified":"2023-10-23T12:23:02","modified_gmt":"2023-10-23T18:23:02","slug":"escuelas-no-deben-obligar-a-celebrar-dia-de-muertos-evangelicos","status":"publish","type":"post","link":"https:\/\/encuentroinformativo.com.mx\/?p=46743","title":{"rendered":"Escuelas no deben obligar a celebrar d\u00eda de muertos: Evang\u00e9licos"},"content":{"rendered":"\n<p><strong>Dar\u00edo Pale <\/strong><\/p>\n\n\n\n<p>Xalapa, Ver.- Guillermo Trujillo \u00c1lvarez presidente de la Red Evang\u00e9lica del estado de Veracruz, dio a conocer que solicitaron al encargado de despacho de la Secretaria de Educaci\u00f3n de Veracruz (SEV), V\u00edctor Vargas Barrientos que no se obliguen a sus feligreses a celebrar el d\u00eda de muertos.<\/p>\n\n\n\n<p>En conferencia de prensa se\u00f1al\u00f3 que ellos como cristianos evang\u00e9licos no celebran el d\u00eda de muertos, pero si respetan a quienes lo hacen, por lo que ellos mejor exhortan y aconsejan a la gente a que honre y ame y sirva a las personas en vida ya que es la mejor manera de honrar a las personas cuando est\u00e1n vivos.<\/p>\n\n\n\n<p>Invitan a los ciudadanos para que a las personas se les honre en vida, ya que muchos maltratan a su pareja, a sus hijos, a su pr\u00f3jimo y cuando est\u00e1n muertos les quieren llevar pan, comida y dem\u00e1s.<\/p>\n\n\n\n<p>Dio a conocer que el d\u00eda de muertos es una tradici\u00f3n Mexicana pero que ellos no la practican, pero tampoco les gusta que obliguen a sus hijo en las escuelas a practicarlas y celebrarlas, por lo que entregaron un documento al titular de la SEV para que instruya a los jefes de ense\u00f1anza, a los supervisores, a los directores a los maestros par que no obliguen a sus hijos a celebrar esta tradici\u00f3n.<\/p>\n\n\n\n<p>&#8220;Les pedimos que no los obliguen, con todo respeto y este documento est\u00e1 basado en los derechos de los ni\u00f1os, en los derechos humanos, en la constituci\u00f3n, no se puede obligar a ning\u00fan ni\u00f1o en las escuelas a que practiquen el d\u00eda de muertos, quien quiera celebrar los muertos que lo haga lo respetamos&#8221;, se\u00f1al\u00f3.<\/p>\n\n\n\n<p>Finalmente se\u00f1alaron que esto se debe a que han tenido quejas de la zona sur y de la zona norte, pero principalmente de algunas comunidades donde la tradici\u00f3n es muy fuerte y est\u00e1n obligando a sus ni\u00f1os y los amenazan con reprobarlos y bajarles puntos.<\/p>\n","protected":false},"excerpt":{"rendered":"<p>Dar\u00edo Pale Xalapa, Ver.- Guillermo Trujillo \u00c1lvarez presidente de la Red Evang\u00e9lica del estado de Veracruz, dio a conocer que solicitaron al encargado de despacho de la Secretaria de Educaci\u00f3n de Veracruz (SEV), V\u00edctor Vargas Barrientos que no se obliguen a sus feligreses a celebrar el d\u00eda de muertos. En conferencia de prensa se\u00f1al\u00f3 que [&hellip;]<\/p>\n","protected":false},"author":2476,"featured_media":46744,"comment_status":"open","ping_status":"open","sticky":false,"template":"","format":"standard","meta":{"_jetpack_memberships_contains_paid_content":false,"footnotes":""},"categories":[3],"tags":[],"class_list":["post-46743","post","type-post","status-publish","format-standard","has-post-thumbnail","hentry","category-xalapa"],"jetpack_featured_media_url":"https:\/\/encuentroinformativo.com.mx\/wp-content\/uploads\/2023\/10\/IMG-20231023-WA0065.jpg","jetpack_sharing_enabled":true,"jetpack_likes_enabled":true,"amp_enabled":true,"_links":{"self":[{"href":"https:\/\/encuentroinformativo.com.mx\/index.php?rest_route=\/wp\/v2\/posts\/46743","targetHints":{"allow":["GET"]}}],"collection":[{"href":"https:\/\/encuentroinformativo.com.mx\/index.php?rest_route=\/wp\/v2\/posts"}],"about":[{"href":"https:\/\/encuentroinformativo.com.mx\/index.php?rest_route=\/wp\/v2\/types\/post"}],"author":[{"embeddable":true,"href":"https:\/\/encuentroinformativo.com.mx\/index.php?rest_route=\/wp\/v2\/users\/2476"}],"replies":[{"embeddable":true,"href":"https:\/\/encuentroinformativo.com.mx\/index.php?rest_route=%2Fwp%2Fv2%2Fcomments&post=46743"}],"version-history":[{"count":1,"href":"https:\/\/encuentroinformativo.com.mx\/index.php?rest_route=\/wp\/v2\/posts\/46743\/revisions"}],"predecessor-version":[{"id":46745,"href":"https:\/\/encuentroinformativo.com.mx\/index.php?rest_route=\/wp\/v2\/posts\/46743\/revisions\/46745"}],"wp:featuredmedia":[{"embeddable":true,"href":"https:\/\/encuentroinformativo.com.mx\/index.php?rest_route=\/wp\/v2\/media\/46744"}],"wp:attachment":[{"href":"https:\/\/encuentroinformativo.com.mx\/index.php?rest_route=%2Fwp%2Fv2%2Fmedia&parent=46743"}],"wp:term":[{"taxonomy":"category","embeddable":true,"href":"https:\/\/encuentroinformativo.com.mx\/index.php?rest_route=%2Fwp%2Fv2%2Fcategories&post=46743"},{"taxonomy":"post_tag","embeddable":true,"href":"https:\/\/encuentroinformativo.com.mx\/index.php?rest_route=%2Fwp%2Fv2%2Ftags&post=46743"}],"curies":[{"name":"wp","href":"https:\/\/api.w.org\/{rel}","templated":true}]}}