{"id":46749,"date":"2023-10-23T14:55:33","date_gmt":"2023-10-23T20:55:33","guid":{"rendered":"https:\/\/encuentroinformativo.com.mx\/?p=46749"},"modified":"2023-10-23T14:55:33","modified_gmt":"2023-10-23T20:55:33","slug":"organizacion-que-apoya-a-marcelo-ebrard-de-gira-por-veracruz","status":"publish","type":"post","link":"https:\/\/encuentroinformativo.com.mx\/?p=46749","title":{"rendered":"Organizaci\u00f3n que apoya a Marcelo Ebrard, de gira por Veracruz"},"content":{"rendered":"\n<p><strong>Dar\u00edo Pale <\/strong><\/p>\n\n\n\n<p>Xalapa, Ver.- El coordinador estatal de los trabajos de la asociaci\u00f3n \u201cEl Camino de M\u00e9xico\u201d, Benito Mir\u00f3n Lince, se\u00f1al\u00f3 que el objetivo es que el todav\u00eda integrantes de Morena aparezca en la boleta electoral en las elecciones de 2024, sin descartar la posibilidad de que el excanciller Marcelo Ebrard Casaub\u00f3n se una a otro partido pol\u00edtico o vaya por la v\u00eda independiente.<\/p>\n\n\n\n<p>En conferencia de prensa, el representante de dicha organizaci\u00f3n de apoyo a Ebrard Casaub\u00f3n indic\u00f3 que se encuentran recorriendo el estado, al igual que otras entidades, con el objetivo de conformar coordinaciones de apoyo al exfuncionario federal.<\/p>\n\n\n\n<p>Manifest\u00f3 que la decisi\u00f3n ya est\u00e1 tomada, por lo que no habr\u00e1 negociaci\u00f3n con Claudia Sheinbaum Pardo, ya que se espera desde la Comisi\u00f3n de Elecciones de Morena se resuelva el recurso impuesto en contra del proceso de elecci\u00f3n con el que fue electa como Coordinadora de los Comit\u00e9s de Defensa de la Cuarta transformaci\u00f3n.<\/p>\n\n\n\n<p>\u201cNo se va a negociar, Marcelo no fue por una senadur\u00eda o por un cargo p\u00fablico por muy bonito o prometedor que eso se escuche. Pretendemos que las cosas no se estanquen, que la propuesta que hay de quien dice ser representante de los Comit\u00e9s de Defensa de la Cuarta Transformaci\u00f3n no lo es porque hay un proceso pendiente que no se ha resuelto y su planteamiento es en el sentido de que todo est\u00e1 bien y el planteamiento de Marcelo es que lo que se estanca, retrocede\u201d, se\u00f1al\u00f3.<\/p>\n\n\n\n<p>Refiri\u00f3 que s\u00ed hay cosas buenas que se han hecho en la administraci\u00f3n federal actual, pero se tienen pendientes y cosas que corregir.<\/p>\n\n\n\n<p>\u201cSe recibi\u00f3 en el 2018 un pa\u00eds hecho un desastre, con muchas necesidades y los programas sociales han sido fundamentales, pero no podemos estar pensando que con programas sociales podemos salir adelante, tenemos que ir por los pobres y esto es lo que est\u00e1 planteando esta organizaci\u00f3n\u201d, coment\u00f3.<\/p>\n\n\n\n<p>Mencion\u00f3 que se est\u00e1 luchando porque Marcelo Ebrard Casaub\u00f3n aparezca en la boleta electoral de 2024, \u201chay una impugnaci\u00f3n en la Comisi\u00f3n correspondiente del partido (Morena) y no se ha resuelto, mientras eso no se resuelva no se puede decir que Claudia es representante de los Comit\u00e9s\u201d.<\/p>\n\n\n\n<p>&#8220;Desde la directiva del partido se anda diciendo eso (que Claudia es coordinadora), cuando nosotros sostenemos que eso no es verdad, vamos a esperar la resoluci\u00f3n de la Comisi\u00f3n correspondiente del partido, el proceso en la encuesta tuvo irregularidades, se arm\u00f3 un expediente con pruebas de todo tipo, con testimonios, evidencias, fue una operaci\u00f3n grande y no podemos reconocer eso\u201d, manifest\u00f3.<\/p>\n\n\n\n<p>Asegur\u00f3 que no se puede permitir que existan imposiciones, pues con ello se generar\u00eda un retroceso en la pol\u00edtica del pa\u00eds.<\/p>\n\n\n\n<p>Finalmente dio a conocer que, \u201csi se sigue de esta manera vamos a regresar al pasado, a los dedazos, a la descomposici\u00f3n, hay una oportunidad hist\u00f3rica para sacar a M\u00e9xico adelante, hay condiciones internacionales que favorecen o que pueden favorecer una pol\u00edtica adecuada en el pa\u00eds para ir hacia adelante, sobre todo en t\u00e9rminos morales y para dejar de hacer las cosas como antes\u201d.<\/p>\n","protected":false},"excerpt":{"rendered":"<p>Dar\u00edo Pale Xalapa, Ver.- El coordinador estatal de los trabajos de la asociaci\u00f3n \u201cEl Camino de M\u00e9xico\u201d, Benito Mir\u00f3n Lince, se\u00f1al\u00f3 que el objetivo es que el todav\u00eda integrantes de Morena aparezca en la boleta electoral en las elecciones de 2024, sin descartar la posibilidad de que el excanciller Marcelo Ebrard Casaub\u00f3n se una a [&hellip;]<\/p>\n","protected":false},"author":2476,"featured_media":46750,"comment_status":"open","ping_status":"open","sticky":false,"template":"","format":"standard","meta":{"_jetpack_memberships_contains_paid_content":false,"footnotes":""},"categories":[2],"tags":[],"class_list":["post-46749","post","type-post","status-publish","format-standard","has-post-thumbnail","hentry","category-estado"],"jetpack_featured_media_url":"https:\/\/encuentroinformativo.com.mx\/wp-content\/uploads\/2023\/10\/IMG-20231023-WA0073.jpg","jetpack_sharing_enabled":true,"jetpack_likes_enabled":true,"amp_enabled":true,"_links":{"self":[{"href":"https:\/\/encuentroinformativo.com.mx\/index.php?rest_route=\/wp\/v2\/posts\/46749","targetHints":{"allow":["GET"]}}],"collection":[{"href":"https:\/\/encuentroinformativo.com.mx\/index.php?rest_route=\/wp\/v2\/posts"}],"about":[{"href":"https:\/\/encuentroinformativo.com.mx\/index.php?rest_route=\/wp\/v2\/types\/post"}],"author":[{"embeddable":true,"href":"https:\/\/encuentroinformativo.com.mx\/index.php?rest_route=\/wp\/v2\/users\/2476"}],"replies":[{"embeddable":true,"href":"https:\/\/encuentroinformativo.com.mx\/index.php?rest_route=%2Fwp%2Fv2%2Fcomments&post=46749"}],"version-history":[{"count":1,"href":"https:\/\/encuentroinformativo.com.mx\/index.php?rest_route=\/wp\/v2\/posts\/46749\/revisions"}],"predecessor-version":[{"id":46751,"href":"https:\/\/encuentroinformativo.com.mx\/index.php?rest_route=\/wp\/v2\/posts\/46749\/revisions\/46751"}],"wp:featuredmedia":[{"embeddable":true,"href":"https:\/\/encuentroinformativo.com.mx\/index.php?rest_route=\/wp\/v2\/media\/46750"}],"wp:attachment":[{"href":"https:\/\/encuentroinformativo.com.mx\/index.php?rest_route=%2Fwp%2Fv2%2Fmedia&parent=46749"}],"wp:term":[{"taxonomy":"category","embeddable":true,"href":"https:\/\/encuentroinformativo.com.mx\/index.php?rest_route=%2Fwp%2Fv2%2Fcategories&post=46749"},{"taxonomy":"post_tag","embeddable":true,"href":"https:\/\/encuentroinformativo.com.mx\/index.php?rest_route=%2Fwp%2Fv2%2Ftags&post=46749"}],"curies":[{"name":"wp","href":"https:\/\/api.w.org\/{rel}","templated":true}]}}