{"id":4676,"date":"2020-08-05T17:22:31","date_gmt":"2020-08-05T22:22:31","guid":{"rendered":"https:\/\/encuentroinformativo.com\/?p=4676"},"modified":"2020-08-05T17:22:34","modified_gmt":"2020-08-05T22:22:34","slug":"regularan-movilidad-en-transporte-publico","status":"publish","type":"post","link":"https:\/\/encuentroinformativo.com.mx\/?p=4676","title":{"rendered":"Regular\u00e1n movilidad en transporte p\u00fablico"},"content":{"rendered":"\n<p><strong>Juan Arcos <\/strong><\/p>\n\n\n\n<p>Xalapa, Ver.- El gobernador de Veracruz, Cuitl\u00e1huac Garc\u00eda Jim\u00e9nez, emiti\u00f3 un nuevo decreto para regular la aglomeraci\u00f3n y la movilidad, con la finalidad de frenar los contagios de SARS-COV-2 (COVID-19).<\/p>\n\n\n\n<p>Se trata de medidas temporales de inmediata aplicaci\u00f3n, del 5 al 31 de agosto, en los 212 municipios de la entidad.<\/p>\n\n\n\n<p>El decreto fue publicado en la Gaceta Oficial del Estado de Veracruz, para disminuir el n\u00famero de pasajeros del transporte p\u00fablico al 50 por ciento en todo el territorio veracruzano.<\/p>\n\n\n\n<p>En ese sentido, se determin\u00f3 que los pasajeros s\u00f3lo podr\u00e1n subir a las unidades con cubrebocas y que, en los autobuses, s\u00f3lo podr\u00e1n utilizar los asientos de la ventanilla.<\/p>\n\n\n\n<p>El mandatario estatal tambi\u00e9n estableci\u00f3 que los concesionarios del servicio de transporte p\u00fablico deber\u00e1n desinfectar peri\u00f3dicamente sus unidades e garantizar el uso de gel antibacterial al interior de las mismas.<\/p>\n\n\n\n<p>Tambi\u00e9n disminuir\u00e1 50 por ciento el n\u00famero de pasajeros en veh\u00edculos particulares.<\/p>\n\n\n\n<p>A estas medidas se sumar\u00e1n aquellas que determine cada municipio, con el fin de disminuir los contagios de COVID-19 en la entidad.<\/p>\n\n\n\n<p>La Secretar\u00eda de Salud de Veracruz (SS) reporta, hasta el momento, 22 mil 182 casos positivos en 198 municipios, de los cuales mil 353 son activos.<\/p>\n\n\n\n<p>Adem\u00e1s, contabiliza 2 mil 920 fallecimientos en 150 demarcaciones y 3 mil 072 casos contin\u00faan en investigaci\u00f3n en 144 municipios.<\/p>\n\n\n\n<p><\/p>\n","protected":false},"excerpt":{"rendered":"<p>Juan Arcos Xalapa, Ver.- El gobernador de Veracruz, Cuitl\u00e1huac Garc\u00eda Jim\u00e9nez, emiti\u00f3 un nuevo decreto para regular la aglomeraci\u00f3n y la movilidad, con la finalidad de frenar los contagios de SARS-COV-2 (COVID-19). Se trata de medidas temporales de inmediata aplicaci\u00f3n, del 5 al 31 de agosto, en los 212 municipios de la entidad. El decreto [&hellip;]<\/p>\n","protected":false},"author":1,"featured_media":4677,"comment_status":"open","ping_status":"open","sticky":false,"template":"","format":"standard","meta":{"_jetpack_memberships_contains_paid_content":false,"footnotes":""},"categories":[2],"tags":[],"class_list":["post-4676","post","type-post","status-publish","format-standard","has-post-thumbnail","hentry","category-estado"],"jetpack_featured_media_url":"https:\/\/encuentroinformativo.com.mx\/wp-content\/uploads\/2020\/08\/D7C6EBCD-ABFC-438A-9E31-6509996C5AB4.jpeg","jetpack_sharing_enabled":true,"jetpack_likes_enabled":true,"amp_enabled":true,"_links":{"self":[{"href":"https:\/\/encuentroinformativo.com.mx\/index.php?rest_route=\/wp\/v2\/posts\/4676","targetHints":{"allow":["GET"]}}],"collection":[{"href":"https:\/\/encuentroinformativo.com.mx\/index.php?rest_route=\/wp\/v2\/posts"}],"about":[{"href":"https:\/\/encuentroinformativo.com.mx\/index.php?rest_route=\/wp\/v2\/types\/post"}],"author":[{"embeddable":true,"href":"https:\/\/encuentroinformativo.com.mx\/index.php?rest_route=\/wp\/v2\/users\/1"}],"replies":[{"embeddable":true,"href":"https:\/\/encuentroinformativo.com.mx\/index.php?rest_route=%2Fwp%2Fv2%2Fcomments&post=4676"}],"version-history":[{"count":1,"href":"https:\/\/encuentroinformativo.com.mx\/index.php?rest_route=\/wp\/v2\/posts\/4676\/revisions"}],"predecessor-version":[{"id":4678,"href":"https:\/\/encuentroinformativo.com.mx\/index.php?rest_route=\/wp\/v2\/posts\/4676\/revisions\/4678"}],"wp:featuredmedia":[{"embeddable":true,"href":"https:\/\/encuentroinformativo.com.mx\/index.php?rest_route=\/wp\/v2\/media\/4677"}],"wp:attachment":[{"href":"https:\/\/encuentroinformativo.com.mx\/index.php?rest_route=%2Fwp%2Fv2%2Fmedia&parent=4676"}],"wp:term":[{"taxonomy":"category","embeddable":true,"href":"https:\/\/encuentroinformativo.com.mx\/index.php?rest_route=%2Fwp%2Fv2%2Fcategories&post=4676"},{"taxonomy":"post_tag","embeddable":true,"href":"https:\/\/encuentroinformativo.com.mx\/index.php?rest_route=%2Fwp%2Fv2%2Ftags&post=4676"}],"curies":[{"name":"wp","href":"https:\/\/api.w.org\/{rel}","templated":true}]}}