{"id":46772,"date":"2023-10-24T09:52:00","date_gmt":"2023-10-24T15:52:00","guid":{"rendered":"https:\/\/encuentroinformativo.com.mx\/?p=46772"},"modified":"2023-10-23T19:55:21","modified_gmt":"2023-10-24T01:55:21","slug":"esperan-productores-repunte-en-ventas-de-flor-de-cempasuchil","status":"publish","type":"post","link":"https:\/\/encuentroinformativo.com.mx\/?p=46772","title":{"rendered":"Esperan productores repunte en ventas de flor de cempas\u00fachil"},"content":{"rendered":"\n<p><strong>Juan Arcos <\/strong><\/p>\n\n\n\n<p>Naolinco, Ver.- Comerciantes de Naolinco esperan un repunte en ventas de la flor de cempas\u00fachil durante los pr\u00f3ximos d\u00edas por los festejos del D\u00eda de Muertos y Todos Santos.<\/p>\n\n\n\n<p>Se trata de los productores de la localidad San Pablo Coapan, municipio de Naolinco, cuyas flores pintan de color naranja los campos.<br>Los vendedores se preparan a recibir a cientos de visitantes y turistas que compran la flor para sus altares de muertos.<\/p>\n\n\n\n<p>San Pablo Coapan est\u00e1 a una distancia de 40 minutos de la ciudad de Xalapa, la capital del estado de Veracruz, donde los campos de cempas\u00fachil se han convertido tambi\u00e9n en un atractivo tur\u00edstico.<\/p>\n\n\n\n<p>Las siembras comenzaron en este pueblo desde hace m\u00e1s de cinco a\u00f1os, las cuales son cada vez m\u00e1s populares en la regi\u00f3n capital.<\/p>\n\n\n\n<p>Varias personas acuden a los campos de cempas\u00fachil a tomarse fotograf\u00edas, aunque en ocasiones la flor ha sido da\u00f1ada por los turistas que merodean la zona.<\/p>\n\n\n\n<p>Los rollos de esta flor son enviados a los municipios de la zona y sobre todo a la Central de Abastos de Xalapa.<\/p>\n\n\n\n<figure class=\"wp-block-image size-large\"><img loading=\"lazy\" decoding=\"async\" width=\"961\" height=\"721\" src=\"https:\/\/encuentroinformativo.com.mx\/wp-content\/uploads\/2023\/10\/8047f10c-1894-458f-ba9f-a0f5830bd964.jpg\" alt=\"\" class=\"wp-image-46774\" srcset=\"https:\/\/encuentroinformativo.com.mx\/wp-content\/uploads\/2023\/10\/8047f10c-1894-458f-ba9f-a0f5830bd964.jpg 961w, https:\/\/encuentroinformativo.com.mx\/wp-content\/uploads\/2023\/10\/8047f10c-1894-458f-ba9f-a0f5830bd964-300x225.jpg 300w, https:\/\/encuentroinformativo.com.mx\/wp-content\/uploads\/2023\/10\/8047f10c-1894-458f-ba9f-a0f5830bd964-768x576.jpg 768w\" sizes=\"auto, (max-width: 961px) 100vw, 961px\" \/><\/figure>\n","protected":false},"excerpt":{"rendered":"<p>Juan Arcos Naolinco, Ver.- Comerciantes de Naolinco esperan un repunte en ventas de la flor de cempas\u00fachil durante los pr\u00f3ximos d\u00edas por los festejos del D\u00eda de Muertos y Todos Santos. Se trata de los productores de la localidad San Pablo Coapan, municipio de Naolinco, cuyas flores pintan de color naranja los campos.Los vendedores se [&hellip;]<\/p>\n","protected":false},"author":2476,"featured_media":46773,"comment_status":"open","ping_status":"open","sticky":false,"template":"","format":"standard","meta":{"_jetpack_memberships_contains_paid_content":false,"footnotes":""},"categories":[8],"tags":[],"class_list":["post-46772","post","type-post","status-publish","format-standard","has-post-thumbnail","hentry","category-region"],"jetpack_featured_media_url":"https:\/\/encuentroinformativo.com.mx\/wp-content\/uploads\/2023\/10\/52fad33b-f49b-451f-aab9-f2b7e0ab8286.jpg","jetpack_sharing_enabled":true,"jetpack_likes_enabled":true,"amp_enabled":true,"_links":{"self":[{"href":"https:\/\/encuentroinformativo.com.mx\/index.php?rest_route=\/wp\/v2\/posts\/46772","targetHints":{"allow":["GET"]}}],"collection":[{"href":"https:\/\/encuentroinformativo.com.mx\/index.php?rest_route=\/wp\/v2\/posts"}],"about":[{"href":"https:\/\/encuentroinformativo.com.mx\/index.php?rest_route=\/wp\/v2\/types\/post"}],"author":[{"embeddable":true,"href":"https:\/\/encuentroinformativo.com.mx\/index.php?rest_route=\/wp\/v2\/users\/2476"}],"replies":[{"embeddable":true,"href":"https:\/\/encuentroinformativo.com.mx\/index.php?rest_route=%2Fwp%2Fv2%2Fcomments&post=46772"}],"version-history":[{"count":1,"href":"https:\/\/encuentroinformativo.com.mx\/index.php?rest_route=\/wp\/v2\/posts\/46772\/revisions"}],"predecessor-version":[{"id":46775,"href":"https:\/\/encuentroinformativo.com.mx\/index.php?rest_route=\/wp\/v2\/posts\/46772\/revisions\/46775"}],"wp:featuredmedia":[{"embeddable":true,"href":"https:\/\/encuentroinformativo.com.mx\/index.php?rest_route=\/wp\/v2\/media\/46773"}],"wp:attachment":[{"href":"https:\/\/encuentroinformativo.com.mx\/index.php?rest_route=%2Fwp%2Fv2%2Fmedia&parent=46772"}],"wp:term":[{"taxonomy":"category","embeddable":true,"href":"https:\/\/encuentroinformativo.com.mx\/index.php?rest_route=%2Fwp%2Fv2%2Fcategories&post=46772"},{"taxonomy":"post_tag","embeddable":true,"href":"https:\/\/encuentroinformativo.com.mx\/index.php?rest_route=%2Fwp%2Fv2%2Ftags&post=46772"}],"curies":[{"name":"wp","href":"https:\/\/api.w.org\/{rel}","templated":true}]}}