{"id":46782,"date":"2023-10-24T09:57:28","date_gmt":"2023-10-24T15:57:28","guid":{"rendered":"https:\/\/encuentroinformativo.com.mx\/?p=46782"},"modified":"2023-10-24T09:57:29","modified_gmt":"2023-10-24T15:57:29","slug":"protestas-del-poder-judicial-respaldadas-pero-por-el-pri-pan-y-el-prd","status":"publish","type":"post","link":"https:\/\/encuentroinformativo.com.mx\/?p=46782","title":{"rendered":"PROTESTAS DEL PODER JUDICIAL, RESPALDADAS\u2026 PERO POR EL PRI, PAN Y EL PRD"},"content":{"rendered":"\n<p><strong>ColumnaSinNombre<\/strong> <\/p>\n\n\n\n<p><strong>Pablo Jair Ortega <\/strong><\/p>\n\n\n\n<p>Muy mal se est\u00e1 viendo eso de que las manifestaciones de los empleados del Poder Judicial de la Federaci\u00f3n est\u00e1n siendo arropadas por partidos pol\u00edticos.<\/p>\n\n\n\n<p>Lo peor: no han logrado deslindarse de manera contundente y los inconformes han permitido&nbsp;que est\u00e9n usando su derecho leg\u00edtimo de protesta para los intereses de los tres partidos m\u00e1s rancios del espectro mexicano (el PRI, el PAN y el PRD) en pleno tiempo de elecciones.<\/p>\n\n\n\n<p>Nadie en su sano juicio quiere ser respaldado por los enemigos pol\u00edticos del presidente porque restan credibilidad y legitimidad.<\/p>\n\n\n\n<figure class=\"wp-block-embed\"><div class=\"wp-block-embed__wrapper\">\nhttps:\/\/bit.ly\/3tTKlK4\n<\/div><\/figure>\n","protected":false},"excerpt":{"rendered":"<p>ColumnaSinNombre Pablo Jair Ortega Muy mal se est\u00e1 viendo eso de que las manifestaciones de los empleados del Poder Judicial de la Federaci\u00f3n est\u00e1n siendo arropadas por partidos pol\u00edticos. Lo peor: no han logrado deslindarse de manera contundente y los inconformes han permitido&nbsp;que est\u00e9n usando su derecho leg\u00edtimo de protesta para los intereses de los [&hellip;]<\/p>\n","protected":false},"author":2476,"featured_media":123,"comment_status":"open","ping_status":"open","sticky":false,"template":"","format":"standard","meta":{"_jetpack_memberships_contains_paid_content":false,"footnotes":""},"categories":[11],"tags":[],"class_list":["post-46782","post","type-post","status-publish","format-standard","has-post-thumbnail","hentry","category-opinion"],"jetpack_featured_media_url":"https:\/\/encuentroinformativo.com.mx\/wp-content\/uploads\/2020\/02\/opinion-pablo.png","jetpack_sharing_enabled":true,"jetpack_likes_enabled":true,"amp_enabled":true,"_links":{"self":[{"href":"https:\/\/encuentroinformativo.com.mx\/index.php?rest_route=\/wp\/v2\/posts\/46782","targetHints":{"allow":["GET"]}}],"collection":[{"href":"https:\/\/encuentroinformativo.com.mx\/index.php?rest_route=\/wp\/v2\/posts"}],"about":[{"href":"https:\/\/encuentroinformativo.com.mx\/index.php?rest_route=\/wp\/v2\/types\/post"}],"author":[{"embeddable":true,"href":"https:\/\/encuentroinformativo.com.mx\/index.php?rest_route=\/wp\/v2\/users\/2476"}],"replies":[{"embeddable":true,"href":"https:\/\/encuentroinformativo.com.mx\/index.php?rest_route=%2Fwp%2Fv2%2Fcomments&post=46782"}],"version-history":[{"count":1,"href":"https:\/\/encuentroinformativo.com.mx\/index.php?rest_route=\/wp\/v2\/posts\/46782\/revisions"}],"predecessor-version":[{"id":46783,"href":"https:\/\/encuentroinformativo.com.mx\/index.php?rest_route=\/wp\/v2\/posts\/46782\/revisions\/46783"}],"wp:featuredmedia":[{"embeddable":true,"href":"https:\/\/encuentroinformativo.com.mx\/index.php?rest_route=\/wp\/v2\/media\/123"}],"wp:attachment":[{"href":"https:\/\/encuentroinformativo.com.mx\/index.php?rest_route=%2Fwp%2Fv2%2Fmedia&parent=46782"}],"wp:term":[{"taxonomy":"category","embeddable":true,"href":"https:\/\/encuentroinformativo.com.mx\/index.php?rest_route=%2Fwp%2Fv2%2Fcategories&post=46782"},{"taxonomy":"post_tag","embeddable":true,"href":"https:\/\/encuentroinformativo.com.mx\/index.php?rest_route=%2Fwp%2Fv2%2Ftags&post=46782"}],"curies":[{"name":"wp","href":"https:\/\/api.w.org\/{rel}","templated":true}]}}