{"id":468,"date":"2020-03-05T23:46:00","date_gmt":"2020-03-06T05:46:00","guid":{"rendered":"https:\/\/encuentroinformativo.com\/?p=468"},"modified":"2020-03-05T23:46:00","modified_gmt":"2020-03-06T05:46:00","slug":"sindicatos-piden-a-gobierno-no-usar-ley-del-garrote","status":"publish","type":"post","link":"https:\/\/encuentroinformativo.com.mx\/?p=468","title":{"rendered":"Sindicatos piden a gobierno no usar \u201cley del garrote\u201d"},"content":{"rendered":"\n<p><strong>Dar\u00edo Pale <\/strong><\/p>\n\n\n\n<p>Xalapa, Ver.- El Secretario General de la Federaci\u00f3n Autonoma de Obreros y Campesinos en el Estado de Veracruz Francisco Morales Sarmiento, dio a conocer que el gobierno del estado no debe de implementar la \u201cley del garrote\u201d ya que ellos lo criticaron en su momento, por lo que se sienten defraudados por el gobernador del estado Cuitl\u00e1huac Garc\u00eda Jim\u00e9nez.<\/p>\n\n\n\n<p>En entrevista se\u00f1al\u00f3 que se est\u00e1n preparando para el desfile del primero de mayo y salga lo mejor posible, adem\u00e1s de que buscan estar unidos ya que las cosas est\u00e1n muy dif\u00edciles, y que ven con tristeza que hay un gobierno represor y no es como se lo imaginaban.<\/p>\n\n\n\n<p>\u201cPens\u00e1bamos que como el gobernador en sus tiempos antes de ser gobernador cuando era diputado se jaloneaba con los polic\u00edas y mentaba madre y luchaba por los derechos de los que representaba en ese momento, hoy vemos con tristeza que es todo lo contrario los que queremos defender a los que representamos pues se nos reprime, hace algunos d\u00edas lamentablemente fue privado de sus derechos el compa\u00f1ero dirigente de trabajadores del poder ejecutivo\u201d, se\u00f1al\u00f3.<\/p>\n\n\n\n<p>Se\u00f1al\u00f3 que el pasado martes tambi\u00e9n fueron detenidos unos maestros en Cardel los cuales se estaban manifestando por lo que no hay derecho a la libre expresi\u00f3n, no hay libertad de manifestarse o decir lo que sienten, te lastima o te duele, por lo que hicieron un en\u00e9rgico llamado al gobernador para que atienda las manifestaciones ya que si sale es porque algo anda mal.<\/p>\n\n\n\n<p>\u201cAs\u00ed como \u00e9l fue en su momento un luchador social que entienda la posici\u00f3n de los que representamos a los trabajadores, lamentable porque la fuerza p\u00fablica no es para reprimir a la gente honesta que se gana el sustento y lleva el sustento a su familia con el sudor de su frente de manera honesta y honrada, la fuerza p\u00fablica es para que tengamos seguridad\u201d, acus\u00f3.<\/p>\n\n\n\n<p>Lo anterior es muy lamentable ya que el estado est\u00e1 viviendo hechos sangrientos a diario en todo el estado y es ah\u00ed donde se deber\u00eda de aplicar la fuerza p\u00fablica y el gobierno deber\u00eda de enfocarse en eso y resolver ese problema.<\/p>\n\n\n\n<p>Dio a conocer que los empresarios temen por la inseguridad y se est\u00e1n llevando sus empresas a otros estados y ya no generan empleos por lo que actualmente \u00a0existe mucho desempleo en el estado, y la econ\u00f3mica no crece, por lo que solicitan al equipo del gobernador que trabajen por el bienestar de los veracruzanos.<\/p>\n\n\n\n<p>Finalmente se\u00f1al\u00f3 que no traten de imponer la \u201cley del garrote\u201d ya que ellos lo criticaron en su momento y actualmente lo est\u00e1n aplicando de una manera m\u00e1s visible, por lo que deber\u00eda de haber cambios y el gobernador debe de evaluar el trabajo de cada uno de ellos ya que en Veracruz hay personas muy capaz para hacer bien las cosas.<\/p>\n\n\n\n<p><\/p>\n","protected":false},"excerpt":{"rendered":"<p>Dar\u00edo Pale Xalapa, Ver.- El Secretario General de la Federaci\u00f3n Autonoma de Obreros y Campesinos en el Estado de Veracruz Francisco Morales Sarmiento, dio a conocer que el gobierno del estado no debe de implementar la \u201cley del garrote\u201d ya que ellos lo criticaron en su momento, por lo que se sienten defraudados por el [&hellip;]<\/p>\n","protected":false},"author":1,"featured_media":88,"comment_status":"open","ping_status":"open","sticky":false,"template":"","format":"standard","meta":{"_jetpack_memberships_contains_paid_content":false,"footnotes":""},"categories":[3],"tags":[],"class_list":["post-468","post","type-post","status-publish","format-standard","has-post-thumbnail","hentry","category-xalapa"],"jetpack_featured_media_url":"https:\/\/encuentroinformativo.com.mx\/wp-content\/uploads\/2020\/02\/palacio.jpg","jetpack_sharing_enabled":true,"jetpack_likes_enabled":true,"amp_enabled":true,"_links":{"self":[{"href":"https:\/\/encuentroinformativo.com.mx\/index.php?rest_route=\/wp\/v2\/posts\/468","targetHints":{"allow":["GET"]}}],"collection":[{"href":"https:\/\/encuentroinformativo.com.mx\/index.php?rest_route=\/wp\/v2\/posts"}],"about":[{"href":"https:\/\/encuentroinformativo.com.mx\/index.php?rest_route=\/wp\/v2\/types\/post"}],"author":[{"embeddable":true,"href":"https:\/\/encuentroinformativo.com.mx\/index.php?rest_route=\/wp\/v2\/users\/1"}],"replies":[{"embeddable":true,"href":"https:\/\/encuentroinformativo.com.mx\/index.php?rest_route=%2Fwp%2Fv2%2Fcomments&post=468"}],"version-history":[{"count":1,"href":"https:\/\/encuentroinformativo.com.mx\/index.php?rest_route=\/wp\/v2\/posts\/468\/revisions"}],"predecessor-version":[{"id":469,"href":"https:\/\/encuentroinformativo.com.mx\/index.php?rest_route=\/wp\/v2\/posts\/468\/revisions\/469"}],"wp:featuredmedia":[{"embeddable":true,"href":"https:\/\/encuentroinformativo.com.mx\/index.php?rest_route=\/wp\/v2\/media\/88"}],"wp:attachment":[{"href":"https:\/\/encuentroinformativo.com.mx\/index.php?rest_route=%2Fwp%2Fv2%2Fmedia&parent=468"}],"wp:term":[{"taxonomy":"category","embeddable":true,"href":"https:\/\/encuentroinformativo.com.mx\/index.php?rest_route=%2Fwp%2Fv2%2Fcategories&post=468"},{"taxonomy":"post_tag","embeddable":true,"href":"https:\/\/encuentroinformativo.com.mx\/index.php?rest_route=%2Fwp%2Fv2%2Ftags&post=468"}],"curies":[{"name":"wp","href":"https:\/\/api.w.org\/{rel}","templated":true}]}}