{"id":46845,"date":"2023-10-25T15:11:40","date_gmt":"2023-10-25T21:11:40","guid":{"rendered":"https:\/\/encuentroinformativo.com.mx\/?p=46845"},"modified":"2023-10-25T15:11:41","modified_gmt":"2023-10-25T21:11:41","slug":"paxtepec-atractivo-turistico-por-dias-de-muertos","status":"publish","type":"post","link":"https:\/\/encuentroinformativo.com.mx\/?p=46845","title":{"rendered":"Paxtepec, atractivo tur\u00edstico por D\u00edas de Muertos"},"content":{"rendered":"\n<p><strong>Juan Arcos <\/strong><\/p>\n\n\n\n<p>Xalapa, Ver.- La localidad de Paxtepec, municipio de Coacoatzintla, se consolid\u00f3 como un atractivo tur\u00edstico durante la temporada del D\u00eda de Muertos por sus campos de cempas\u00fachil.<\/p>\n\n\n\n<p>De acuerdo con Daniel Velasco Bonilla, agente municipal, en los \u00faltimos dos a\u00f1os se logr\u00f3 atraer a miles de visitantes de la regi\u00f3n capital veracruzana.<\/p>\n\n\n\n<p>\u201cHace un a\u00f1o vinieron m\u00e1s de 5 mil personas y ahora esperamos m\u00e1s de 10 mil personas. Me pusieron como agente municipal y propuse hacer unas catrinas\u201d.<\/p>\n\n\n\n<p>Los campos de la localidad Paxtepec se pintaron de tonalidades amarillentas y anaranjadas por el brote del cempas\u00fachil.<\/p>\n\n\n\n<p>A varios metros de distinta lucen catrinas monumentales entre los sembrad\u00edos de la flor de muerto en este pueblo que se localiza a unos 19 kil\u00f3metros de distancia de la ciudad de Xalapa.<br>El agente municipal indic\u00f3 que esta situaci\u00f3n tambi\u00e9n ha permitido detonar la actividad econ\u00f3mica y comercial en el pueblo.<\/p>\n\n\n\n<p>\u201cSon los campos de flor, esta parte no de corta, es para que la gente venga a tomarse las fotos. Se siembra pero se agarra para sacarse las fotos\u201d.<\/p>\n\n\n\n<p>Reci\u00e9n se inaugur\u00f3 el Festival del Cempas\u00fachil y el Campanero en la localidad Paxtepec, donde se espera el arribo de m\u00e1s de 10 mil turistas durante esta temporada del D\u00eda de Muertos.<\/p>\n\n\n\n<figure class=\"wp-block-image size-large\"><img loading=\"lazy\" decoding=\"async\" width=\"1024\" height=\"768\" src=\"https:\/\/encuentroinformativo.com.mx\/wp-content\/uploads\/2023\/10\/4ade1a7a-160c-4821-9d6b-b4247ccbd069-1024x768.jpg\" alt=\"\" class=\"wp-image-46847\" srcset=\"https:\/\/encuentroinformativo.com.mx\/wp-content\/uploads\/2023\/10\/4ade1a7a-160c-4821-9d6b-b4247ccbd069-1024x768.jpg 1024w, https:\/\/encuentroinformativo.com.mx\/wp-content\/uploads\/2023\/10\/4ade1a7a-160c-4821-9d6b-b4247ccbd069-300x225.jpg 300w, https:\/\/encuentroinformativo.com.mx\/wp-content\/uploads\/2023\/10\/4ade1a7a-160c-4821-9d6b-b4247ccbd069-768x576.jpg 768w, https:\/\/encuentroinformativo.com.mx\/wp-content\/uploads\/2023\/10\/4ade1a7a-160c-4821-9d6b-b4247ccbd069.jpg 1280w\" sizes=\"auto, (max-width: 1024px) 100vw, 1024px\" \/><\/figure>\n","protected":false},"excerpt":{"rendered":"<p>Juan Arcos Xalapa, Ver.- La localidad de Paxtepec, municipio de Coacoatzintla, se consolid\u00f3 como un atractivo tur\u00edstico durante la temporada del D\u00eda de Muertos por sus campos de cempas\u00fachil. De acuerdo con Daniel Velasco Bonilla, agente municipal, en los \u00faltimos dos a\u00f1os se logr\u00f3 atraer a miles de visitantes de la regi\u00f3n capital veracruzana. \u201cHace [&hellip;]<\/p>\n","protected":false},"author":2476,"featured_media":46846,"comment_status":"open","ping_status":"open","sticky":false,"template":"","format":"standard","meta":{"_jetpack_memberships_contains_paid_content":false,"footnotes":""},"categories":[8],"tags":[],"class_list":["post-46845","post","type-post","status-publish","format-standard","has-post-thumbnail","hentry","category-region"],"jetpack_featured_media_url":"https:\/\/encuentroinformativo.com.mx\/wp-content\/uploads\/2023\/10\/9ed2bbd5-492c-416d-8ccd-a71a783f36fb.jpg","jetpack_sharing_enabled":true,"jetpack_likes_enabled":true,"amp_enabled":true,"_links":{"self":[{"href":"https:\/\/encuentroinformativo.com.mx\/index.php?rest_route=\/wp\/v2\/posts\/46845","targetHints":{"allow":["GET"]}}],"collection":[{"href":"https:\/\/encuentroinformativo.com.mx\/index.php?rest_route=\/wp\/v2\/posts"}],"about":[{"href":"https:\/\/encuentroinformativo.com.mx\/index.php?rest_route=\/wp\/v2\/types\/post"}],"author":[{"embeddable":true,"href":"https:\/\/encuentroinformativo.com.mx\/index.php?rest_route=\/wp\/v2\/users\/2476"}],"replies":[{"embeddable":true,"href":"https:\/\/encuentroinformativo.com.mx\/index.php?rest_route=%2Fwp%2Fv2%2Fcomments&post=46845"}],"version-history":[{"count":1,"href":"https:\/\/encuentroinformativo.com.mx\/index.php?rest_route=\/wp\/v2\/posts\/46845\/revisions"}],"predecessor-version":[{"id":46848,"href":"https:\/\/encuentroinformativo.com.mx\/index.php?rest_route=\/wp\/v2\/posts\/46845\/revisions\/46848"}],"wp:featuredmedia":[{"embeddable":true,"href":"https:\/\/encuentroinformativo.com.mx\/index.php?rest_route=\/wp\/v2\/media\/46846"}],"wp:attachment":[{"href":"https:\/\/encuentroinformativo.com.mx\/index.php?rest_route=%2Fwp%2Fv2%2Fmedia&parent=46845"}],"wp:term":[{"taxonomy":"category","embeddable":true,"href":"https:\/\/encuentroinformativo.com.mx\/index.php?rest_route=%2Fwp%2Fv2%2Fcategories&post=46845"},{"taxonomy":"post_tag","embeddable":true,"href":"https:\/\/encuentroinformativo.com.mx\/index.php?rest_route=%2Fwp%2Fv2%2Ftags&post=46845"}],"curies":[{"name":"wp","href":"https:\/\/api.w.org\/{rel}","templated":true}]}}