{"id":46849,"date":"2023-10-25T17:14:18","date_gmt":"2023-10-25T23:14:18","guid":{"rendered":"https:\/\/encuentroinformativo.com.mx\/?p=46849"},"modified":"2023-10-25T17:14:19","modified_gmt":"2023-10-25T23:14:19","slug":"jefe-de-nominas-de-ayuntamiento-fue-destituido-confirma-regidora","status":"publish","type":"post","link":"https:\/\/encuentroinformativo.com.mx\/?p=46849","title":{"rendered":"Jefe de n\u00f3minas de ayuntamiento fue destituido, confirma Regidora"},"content":{"rendered":"\n<p><strong>Dar\u00edo Pale <\/strong><\/p>\n\n\n\n<p>Xalapa, Ver.- Confirman que el Jefe de N\u00f3minas, Jos\u00e9 de Jes\u00fas Ram\u00edrez Le\u00f3n, fue destituido luego de que se comprobara que incurri\u00f3 en acciones que est\u00e1n fuera de la ley, as\u00ed lo dio a conocer la Regidora Sexta del Ayuntamiento de Xalapa, Martha Valentina Dom\u00ednguez V\u00e1squez.<\/p>\n\n\n\n<p>En entrevista la edil indic\u00f3 que se llev\u00f3 a cabo una investigaci\u00f3n para corroborar la veracidad de las acusaciones en contra del ahora exfuncionario, mismas que hasta fueron publicadas en redes sociales.<\/p>\n\n\n\n<p>A ra\u00edz de dicha investigaci\u00f3n, iniciada por presuntos actos de acoso laboral, acoso sexual y malos manejos, el ayuntamiento acord\u00f3 darlo de baja debido a que la administraci\u00f3n municipal tiene la consigna de ser transparente y no permitir acciones de este tipo.<\/p>\n\n\n\n<p>A su vez, la Regidora Sexta indic\u00f3 que la decisi\u00f3n es definitiva, por lo que descart\u00f3 que Ram\u00edrez Le\u00f3n pueda ser reinstalado.<\/p>\n\n\n\n<p>Finalmente, Valentina Dom\u00ednguez rechaz\u00f3 que a la fecha el ayuntamiento tenga quejas o denuncias en contra de otro funcionario que pudiera haber incurrido en irregularidades similares.<\/p>\n","protected":false},"excerpt":{"rendered":"<p>Dar\u00edo Pale Xalapa, Ver.- Confirman que el Jefe de N\u00f3minas, Jos\u00e9 de Jes\u00fas Ram\u00edrez Le\u00f3n, fue destituido luego de que se comprobara que incurri\u00f3 en acciones que est\u00e1n fuera de la ley, as\u00ed lo dio a conocer la Regidora Sexta del Ayuntamiento de Xalapa, Martha Valentina Dom\u00ednguez V\u00e1squez. En entrevista la edil indic\u00f3 que se [&hellip;]<\/p>\n","protected":false},"author":2476,"featured_media":46850,"comment_status":"open","ping_status":"open","sticky":false,"template":"","format":"standard","meta":{"_jetpack_memberships_contains_paid_content":false,"footnotes":""},"categories":[3],"tags":[],"class_list":["post-46849","post","type-post","status-publish","format-standard","has-post-thumbnail","hentry","category-xalapa"],"jetpack_featured_media_url":"https:\/\/encuentroinformativo.com.mx\/wp-content\/uploads\/2023\/10\/IMG-20231025-WA0080.jpg","jetpack_sharing_enabled":true,"jetpack_likes_enabled":true,"amp_enabled":true,"_links":{"self":[{"href":"https:\/\/encuentroinformativo.com.mx\/index.php?rest_route=\/wp\/v2\/posts\/46849","targetHints":{"allow":["GET"]}}],"collection":[{"href":"https:\/\/encuentroinformativo.com.mx\/index.php?rest_route=\/wp\/v2\/posts"}],"about":[{"href":"https:\/\/encuentroinformativo.com.mx\/index.php?rest_route=\/wp\/v2\/types\/post"}],"author":[{"embeddable":true,"href":"https:\/\/encuentroinformativo.com.mx\/index.php?rest_route=\/wp\/v2\/users\/2476"}],"replies":[{"embeddable":true,"href":"https:\/\/encuentroinformativo.com.mx\/index.php?rest_route=%2Fwp%2Fv2%2Fcomments&post=46849"}],"version-history":[{"count":1,"href":"https:\/\/encuentroinformativo.com.mx\/index.php?rest_route=\/wp\/v2\/posts\/46849\/revisions"}],"predecessor-version":[{"id":46851,"href":"https:\/\/encuentroinformativo.com.mx\/index.php?rest_route=\/wp\/v2\/posts\/46849\/revisions\/46851"}],"wp:featuredmedia":[{"embeddable":true,"href":"https:\/\/encuentroinformativo.com.mx\/index.php?rest_route=\/wp\/v2\/media\/46850"}],"wp:attachment":[{"href":"https:\/\/encuentroinformativo.com.mx\/index.php?rest_route=%2Fwp%2Fv2%2Fmedia&parent=46849"}],"wp:term":[{"taxonomy":"category","embeddable":true,"href":"https:\/\/encuentroinformativo.com.mx\/index.php?rest_route=%2Fwp%2Fv2%2Fcategories&post=46849"},{"taxonomy":"post_tag","embeddable":true,"href":"https:\/\/encuentroinformativo.com.mx\/index.php?rest_route=%2Fwp%2Fv2%2Ftags&post=46849"}],"curies":[{"name":"wp","href":"https:\/\/api.w.org\/{rel}","templated":true}]}}