{"id":46852,"date":"2023-10-25T21:58:38","date_gmt":"2023-10-26T03:58:38","guid":{"rendered":"https:\/\/encuentroinformativo.com.mx\/?p=46852"},"modified":"2023-10-25T21:58:38","modified_gmt":"2023-10-26T03:58:38","slug":"inaugura-alcalde-ricardo-ahued-altar-de-muertos-en-palacio-municipal","status":"publish","type":"post","link":"https:\/\/encuentroinformativo.com.mx\/?p=46852","title":{"rendered":"Inaugura alcalde Ricardo Ahued Altar de Muertos en Palacio Municipal"},"content":{"rendered":"\n<p>Xalapa, Ver.- Dedicado al maestro Antol\u00edn Guzm\u00e1n Salazar, autoridades del Ayuntamiento inauguraron un Altar de Muertos en el patio central de Palacio Municipal, donde se cont\u00f3 con un programa art\u00edstico para honrar la memoria de este promotor musical, en el que participaron el Ballet Folkl\u00f3rico de la Benem\u00e9rita Escuela Normal Veracruzana (BENV) y la Orquesta T\u00edpica, fundada en 1970 por el maestro Guzm\u00e1n.<\/p>\n\n\n\n<p>Adem\u00e1s, se realiz\u00f3 una exposici\u00f3n de catrinas, pan, caf\u00e9 y artesan\u00edas elaboradas en el Taller de Arte Popular (TAP).<\/p>\n\n\n\n<p>Durante el acto protocolario, el presidente municipal Ricardo Ahued Bardahuil reconoci\u00f3 la labor del personal de la Direcci\u00f3n de Cultura, encargada del montaje de este altar, con el que se reconoce la trayectoria y vida de una persona tan extraordinaria como el maestro Antol\u00edn Guzm\u00e1n Salazar.<\/p>\n\n\n\n<p>Acompa\u00f1aron esta inauguraci\u00f3n, las regidoras Martha Valentina Dom\u00ednguez V\u00e1squez y Mar\u00eda Guadalupe M\u00e1rquez Leonardo, los regidores Carlos Rugerio Mart\u00ednez, Daniel Fern\u00e1ndez Carri\u00f3n y Alfonso Marcos Garc\u00eda Castillo.<\/p>\n\n\n\n<p>Adem\u00e1s, la directora de Cultura, Karla Montano Rocher, familiares del homenajeado y la maestra Angelina Serv\u00edn Murrieta, encargada de compartir una semblanza sobre la vida del maestro Antol\u00edn Guzm\u00e1n.<\/p>\n\n\n\n<figure class=\"wp-block-image size-large\"><img loading=\"lazy\" decoding=\"async\" width=\"1024\" height=\"682\" src=\"https:\/\/encuentroinformativo.com.mx\/wp-content\/uploads\/2023\/10\/IMG-20231025-WA0113-1024x682.jpg\" alt=\"\" class=\"wp-image-46854\" srcset=\"https:\/\/encuentroinformativo.com.mx\/wp-content\/uploads\/2023\/10\/IMG-20231025-WA0113-1024x682.jpg 1024w, https:\/\/encuentroinformativo.com.mx\/wp-content\/uploads\/2023\/10\/IMG-20231025-WA0113-300x200.jpg 300w, https:\/\/encuentroinformativo.com.mx\/wp-content\/uploads\/2023\/10\/IMG-20231025-WA0113-768x512.jpg 768w, https:\/\/encuentroinformativo.com.mx\/wp-content\/uploads\/2023\/10\/IMG-20231025-WA0113-1536x1023.jpg 1536w, https:\/\/encuentroinformativo.com.mx\/wp-content\/uploads\/2023\/10\/IMG-20231025-WA0113.jpg 1600w\" sizes=\"auto, (max-width: 1024px) 100vw, 1024px\" \/><\/figure>\n","protected":false},"excerpt":{"rendered":"<p>Xalapa, Ver.- Dedicado al maestro Antol\u00edn Guzm\u00e1n Salazar, autoridades del Ayuntamiento inauguraron un Altar de Muertos en el patio central de Palacio Municipal, donde se cont\u00f3 con un programa art\u00edstico para honrar la memoria de este promotor musical, en el que participaron el Ballet Folkl\u00f3rico de la Benem\u00e9rita Escuela Normal Veracruzana (BENV) y la Orquesta [&hellip;]<\/p>\n","protected":false},"author":2476,"featured_media":46856,"comment_status":"open","ping_status":"open","sticky":false,"template":"","format":"standard","meta":{"_jetpack_memberships_contains_paid_content":false,"footnotes":""},"categories":[3],"tags":[],"class_list":["post-46852","post","type-post","status-publish","format-standard","has-post-thumbnail","hentry","category-xalapa"],"jetpack_featured_media_url":"https:\/\/encuentroinformativo.com.mx\/wp-content\/uploads\/2023\/10\/IMG-20231025-WA01152.jpg","jetpack_sharing_enabled":true,"jetpack_likes_enabled":true,"amp_enabled":true,"_links":{"self":[{"href":"https:\/\/encuentroinformativo.com.mx\/index.php?rest_route=\/wp\/v2\/posts\/46852","targetHints":{"allow":["GET"]}}],"collection":[{"href":"https:\/\/encuentroinformativo.com.mx\/index.php?rest_route=\/wp\/v2\/posts"}],"about":[{"href":"https:\/\/encuentroinformativo.com.mx\/index.php?rest_route=\/wp\/v2\/types\/post"}],"author":[{"embeddable":true,"href":"https:\/\/encuentroinformativo.com.mx\/index.php?rest_route=\/wp\/v2\/users\/2476"}],"replies":[{"embeddable":true,"href":"https:\/\/encuentroinformativo.com.mx\/index.php?rest_route=%2Fwp%2Fv2%2Fcomments&post=46852"}],"version-history":[{"count":1,"href":"https:\/\/encuentroinformativo.com.mx\/index.php?rest_route=\/wp\/v2\/posts\/46852\/revisions"}],"predecessor-version":[{"id":46855,"href":"https:\/\/encuentroinformativo.com.mx\/index.php?rest_route=\/wp\/v2\/posts\/46852\/revisions\/46855"}],"wp:featuredmedia":[{"embeddable":true,"href":"https:\/\/encuentroinformativo.com.mx\/index.php?rest_route=\/wp\/v2\/media\/46856"}],"wp:attachment":[{"href":"https:\/\/encuentroinformativo.com.mx\/index.php?rest_route=%2Fwp%2Fv2%2Fmedia&parent=46852"}],"wp:term":[{"taxonomy":"category","embeddable":true,"href":"https:\/\/encuentroinformativo.com.mx\/index.php?rest_route=%2Fwp%2Fv2%2Fcategories&post=46852"},{"taxonomy":"post_tag","embeddable":true,"href":"https:\/\/encuentroinformativo.com.mx\/index.php?rest_route=%2Fwp%2Fv2%2Ftags&post=46852"}],"curies":[{"name":"wp","href":"https:\/\/api.w.org\/{rel}","templated":true}]}}