{"id":46863,"date":"2023-10-26T09:58:19","date_gmt":"2023-10-26T15:58:19","guid":{"rendered":"https:\/\/encuentroinformativo.com.mx\/?p=46863"},"modified":"2023-10-26T09:58:19","modified_gmt":"2023-10-26T15:58:19","slug":"acusan-que-alito-fracturo-al-pri-en-veracruz","status":"publish","type":"post","link":"https:\/\/encuentroinformativo.com.mx\/?p=46863","title":{"rendered":"Acusan que &#8220;Alito&#8221; fractur\u00f3 al PRI en Veracruz"},"content":{"rendered":"\n<p><strong>Alejandro \u00c1vila<\/strong><\/p>\n\n\n\n<p>Veracruz, Ver.- En un contundente mensaje dirigido a la militancia priista en el estado de Veracruz, Fernando Kuri Kuri, quien aspiraba a liderar el Partido Revolucionario Institucional (PRI) en el estado de Veracruz, expres\u00f3 su firme compromiso con la unidad y la democracia interna del partido.<\/p>\n\n\n\n<p>Kuri Kuri hizo hincapi\u00e9 en que el PRI no ha muerto y que ning\u00fan dirigente es eterno, refutando la idea de que el partido se encuentra en una fase terminal. En un acto plagado de autoritarismo, Kuri Kuri denunci\u00f3 que se atropell\u00f3 a la militancia aut\u00e9ntica a trav\u00e9s de acuerdos en la sombra y el llamado &#8220;dedazo\u201d.<\/p>\n\n\n\n<p>Adem\u00e1s, anunci\u00f3 la formaci\u00f3n del &#8220;Grupo Veracruz&#8221; como una iniciativa independiente para participar en la vida pol\u00edtica y electoral del estado, alejada del autoritarismo de cualquier dirigente, incluso si se trata de Alejandro Moreno.&nbsp;<\/p>\n\n\n\n<p>Kuri Kuri resalt\u00f3 que este grupo est\u00e1 compuesto por l\u00edderes con una presencia real y arraigo en sus respectivos municipios, no por designaciones de escritorio.<\/p>\n\n\n\n<p>En este evento se dieron cita diversos actores pol\u00edticos del estado, entre los que destacan alcaldes, regidoras y regidores, sindicas y s\u00edndicos, exdiputados, ex presidentes del CDE del PRI, presidentes y presidentas de comit\u00e9s municipales del partido, presidentes y presidentas de secci\u00f3n, l\u00edderes, activistas que conforman la estructura territorial&nbsp; del Partido Revolucionario Institucional en el estado de Veracruz.<\/p>\n\n\n\n<p>Por su parte Renato Alarc\u00f3n expres\u00f3: \u201ces el momento de mantenernos unidos, que Alejandro Moreno C\u00e1rdenas sepa que Veracruz no es Campeche, y que aqu\u00ed no nos viene a ver la cara, seguimos unidos y firmes como grupo pol\u00edtico hasta donde tope como gladiadores\u201d.&nbsp;<\/p>\n\n\n\n<p>Al tomar la voz el priista Jorge Carvallo, dijo: \u201cAlejandro Moreno traicion\u00f3 a los priistas veracruzanos que lo llevamos a la dirigencia, nos qued\u00f3 a deber a los militantes\u201d.&nbsp;<\/p>\n\n\n\n<p>Para finalizar Marco Aguilar Yunes dijo: \u201cLos que estamos aqu\u00ed nos ha tocado a veces ser o a veces no ser, pero tenemos claro que se han respetado siempre las formas, Alejandro Moreno en el caso de Veracruz no lo hizo\u201d.&nbsp;<\/p>\n\n\n\n<p>El ex diputado local y ex alcalde de Oluta Fernando Kuri destac\u00f3 la importancia de mantener el di\u00e1logo y la inclusi\u00f3n de todas las voces dentro del PRI, reconociendo que la pol\u00edtica es un arte que debe generar acuerdos para el bienestar de la comunidad.<\/p>\n\n\n\n<p>Sin embargo, el mensaje de Kuri Kuri tambi\u00e9n estuvo marcado por la cr\u00edtica y la denuncia de irregularidades en el proceso interno del partido.<\/p>\n\n\n\n<p>El exaspirante a la presidencia del Comit\u00e9 Directivo Estatal acus\u00f3 a la dirigencia nacional encabezada por Alejandro Moreno C\u00e1rdenas de violar los estatutos del PRI al no convocar a una elecci\u00f3n democr\u00e1tica y nombrar unilateralmente a la nueva dirigencia en Veracruz. Esta decisi\u00f3n, seg\u00fan Kuri Kuri, ha generado divisiones y descontento dentro del partido.<\/p>\n\n\n\n<p>El mensaje de Kuri Kuri concluy\u00f3 con un llamado a la unidad y al respeto por la diversidad de opiniones dentro del PRI, rechazando la calificaci\u00f3n de &#8220;traidores&#8221; a aquellos que discrepan. Tambi\u00e9n denunci\u00f3 el compadrazgo y el amiguismo&nbsp; como pr\u00e1cticas que ya no deben prevalecer en el partido, la pol\u00edtica o el gobierno.<\/p>\n\n\n\n<p>Este mensaje de Fernando Kuri Kuri refleja la compleja situaci\u00f3n pol\u00edtica que atraviesa el PRI en Veracruz y sugiere que la lucha por el control del partido est\u00e1 lejos de llegar a su fin. La fragmentaci\u00f3n y las divisiones en el PRI Veracruz podr\u00edan tener un impacto en las pr\u00f3ximas candidaturas y la integraci\u00f3n del Frente Amplio por M\u00e9xico, lo que hace que la situaci\u00f3n sea digna de seguimiento en los c\u00edrculos pol\u00edticos locales.<\/p>\n","protected":false},"excerpt":{"rendered":"<p>Alejandro \u00c1vila Veracruz, Ver.- En un contundente mensaje dirigido a la militancia priista en el estado de Veracruz, Fernando Kuri Kuri, quien aspiraba a liderar el Partido Revolucionario Institucional (PRI) en el estado de Veracruz, expres\u00f3 su firme compromiso con la unidad y la democracia interna del partido. Kuri Kuri hizo hincapi\u00e9 en que el [&hellip;]<\/p>\n","protected":false},"author":2476,"featured_media":46864,"comment_status":"open","ping_status":"open","sticky":false,"template":"","format":"standard","meta":{"_jetpack_memberships_contains_paid_content":false,"footnotes":""},"categories":[2],"tags":[],"class_list":["post-46863","post","type-post","status-publish","format-standard","has-post-thumbnail","hentry","category-estado"],"jetpack_featured_media_url":"https:\/\/encuentroinformativo.com.mx\/wp-content\/uploads\/2023\/10\/IMG-20231026-WA0006.jpg","jetpack_sharing_enabled":true,"jetpack_likes_enabled":true,"amp_enabled":true,"_links":{"self":[{"href":"https:\/\/encuentroinformativo.com.mx\/index.php?rest_route=\/wp\/v2\/posts\/46863","targetHints":{"allow":["GET"]}}],"collection":[{"href":"https:\/\/encuentroinformativo.com.mx\/index.php?rest_route=\/wp\/v2\/posts"}],"about":[{"href":"https:\/\/encuentroinformativo.com.mx\/index.php?rest_route=\/wp\/v2\/types\/post"}],"author":[{"embeddable":true,"href":"https:\/\/encuentroinformativo.com.mx\/index.php?rest_route=\/wp\/v2\/users\/2476"}],"replies":[{"embeddable":true,"href":"https:\/\/encuentroinformativo.com.mx\/index.php?rest_route=%2Fwp%2Fv2%2Fcomments&post=46863"}],"version-history":[{"count":1,"href":"https:\/\/encuentroinformativo.com.mx\/index.php?rest_route=\/wp\/v2\/posts\/46863\/revisions"}],"predecessor-version":[{"id":46865,"href":"https:\/\/encuentroinformativo.com.mx\/index.php?rest_route=\/wp\/v2\/posts\/46863\/revisions\/46865"}],"wp:featuredmedia":[{"embeddable":true,"href":"https:\/\/encuentroinformativo.com.mx\/index.php?rest_route=\/wp\/v2\/media\/46864"}],"wp:attachment":[{"href":"https:\/\/encuentroinformativo.com.mx\/index.php?rest_route=%2Fwp%2Fv2%2Fmedia&parent=46863"}],"wp:term":[{"taxonomy":"category","embeddable":true,"href":"https:\/\/encuentroinformativo.com.mx\/index.php?rest_route=%2Fwp%2Fv2%2Fcategories&post=46863"},{"taxonomy":"post_tag","embeddable":true,"href":"https:\/\/encuentroinformativo.com.mx\/index.php?rest_route=%2Fwp%2Fv2%2Ftags&post=46863"}],"curies":[{"name":"wp","href":"https:\/\/api.w.org\/{rel}","templated":true}]}}