{"id":46872,"date":"2023-10-26T12:45:58","date_gmt":"2023-10-26T18:45:58","guid":{"rendered":"https:\/\/encuentroinformativo.com.mx\/?p=46872"},"modified":"2023-10-26T12:45:59","modified_gmt":"2023-10-26T18:45:59","slug":"con-pastel-celebran-jubilados-9-anos-de-lucha","status":"publish","type":"post","link":"https:\/\/encuentroinformativo.com.mx\/?p=46872","title":{"rendered":"Con pastel, celebran jubilados 9 a\u00f1os de lucha"},"content":{"rendered":"\n<p><strong>Juan Arcos <\/strong><\/p>\n\n\n\n<p>Xalapa, Ver.- Jubilados y pensionados protestaron como cada jueves en el centro de Xalapa, donde cerraron la calle Juan de la Luz Enr\u00edquez a partir de las 11:00 horas y colocaron un pastel que simboliza el noveno aniversario de su lucha social.<\/p>\n\n\n\n<p>Los integrantes de la Agrupaci\u00f3n Estatal de Jubilados y Pensionados del ISSSTE en el Estado de Veracruz (Ajupiv) cumplieron nueve a\u00f1os en la defensa de sus derechos laborales.<\/p>\n\n\n\n<p>Los quejosos alzaron la voz frente a Palacio de Gobierno y exigieron de nueva cuenta la renovaci\u00f3n de la p\u00f3liza para acceder al seguro institucional o de vida.<\/p>\n\n\n\n<p>De acuerdo con Calixto Azuara Mendivil, asociado fundador de Ajupiv, se constituyeron en 2014 para manifestarse contra el entonces gobernador Javier Duarte de Ochoa por dejarlos sin seguro de vida.<\/p>\n\n\n\n<p>\u201cPrecisamente por las trapacer\u00edas de Javier Duarte que nos quit\u00f3 el seguro de vida, se mor\u00edan los compa\u00f1eros y las familias no pod\u00edan cobrar\u201d, expres\u00f3.<\/p>\n\n\n\n<p>Los profesores jubilados repudiaron que el gobierno estatal cancelara la p\u00f3liza del seguro de vida desde el 1 de noviembre del a\u00f1o 2021, situaci\u00f3n que deja vulnerables a sus familias.<\/p>\n\n\n\n<p>Recordaron que este derecho laboral lo obtuvieron desde el 1 de septiembre de 1964, lo que consta en el Diario Oficial de la Federaci\u00f3n (DOF), con fecha de 11 de 1993.<\/p>\n","protected":false},"excerpt":{"rendered":"<p>Juan Arcos Xalapa, Ver.- Jubilados y pensionados protestaron como cada jueves en el centro de Xalapa, donde cerraron la calle Juan de la Luz Enr\u00edquez a partir de las 11:00 horas y colocaron un pastel que simboliza el noveno aniversario de su lucha social. Los integrantes de la Agrupaci\u00f3n Estatal de Jubilados y Pensionados del [&hellip;]<\/p>\n","protected":false},"author":2476,"featured_media":46873,"comment_status":"open","ping_status":"open","sticky":false,"template":"","format":"standard","meta":{"_jetpack_memberships_contains_paid_content":false,"footnotes":""},"categories":[3],"tags":[],"class_list":["post-46872","post","type-post","status-publish","format-standard","has-post-thumbnail","hentry","category-xalapa"],"jetpack_featured_media_url":"https:\/\/encuentroinformativo.com.mx\/wp-content\/uploads\/2023\/10\/b54654a7-63f0-4291-9e59-8cd42cba7ba6.jpg","jetpack_sharing_enabled":true,"jetpack_likes_enabled":true,"amp_enabled":true,"_links":{"self":[{"href":"https:\/\/encuentroinformativo.com.mx\/index.php?rest_route=\/wp\/v2\/posts\/46872","targetHints":{"allow":["GET"]}}],"collection":[{"href":"https:\/\/encuentroinformativo.com.mx\/index.php?rest_route=\/wp\/v2\/posts"}],"about":[{"href":"https:\/\/encuentroinformativo.com.mx\/index.php?rest_route=\/wp\/v2\/types\/post"}],"author":[{"embeddable":true,"href":"https:\/\/encuentroinformativo.com.mx\/index.php?rest_route=\/wp\/v2\/users\/2476"}],"replies":[{"embeddable":true,"href":"https:\/\/encuentroinformativo.com.mx\/index.php?rest_route=%2Fwp%2Fv2%2Fcomments&post=46872"}],"version-history":[{"count":1,"href":"https:\/\/encuentroinformativo.com.mx\/index.php?rest_route=\/wp\/v2\/posts\/46872\/revisions"}],"predecessor-version":[{"id":46874,"href":"https:\/\/encuentroinformativo.com.mx\/index.php?rest_route=\/wp\/v2\/posts\/46872\/revisions\/46874"}],"wp:featuredmedia":[{"embeddable":true,"href":"https:\/\/encuentroinformativo.com.mx\/index.php?rest_route=\/wp\/v2\/media\/46873"}],"wp:attachment":[{"href":"https:\/\/encuentroinformativo.com.mx\/index.php?rest_route=%2Fwp%2Fv2%2Fmedia&parent=46872"}],"wp:term":[{"taxonomy":"category","embeddable":true,"href":"https:\/\/encuentroinformativo.com.mx\/index.php?rest_route=%2Fwp%2Fv2%2Fcategories&post=46872"},{"taxonomy":"post_tag","embeddable":true,"href":"https:\/\/encuentroinformativo.com.mx\/index.php?rest_route=%2Fwp%2Fv2%2Ftags&post=46872"}],"curies":[{"name":"wp","href":"https:\/\/api.w.org\/{rel}","templated":true}]}}