{"id":46875,"date":"2023-10-26T13:37:48","date_gmt":"2023-10-26T19:37:48","guid":{"rendered":"https:\/\/encuentroinformativo.com.mx\/?p=46875"},"modified":"2023-10-26T13:37:49","modified_gmt":"2023-10-26T19:37:49","slug":"mantienen-trabajadores-protestas-y-paro-laboral-en-poder-judicial","status":"publish","type":"post","link":"https:\/\/encuentroinformativo.com.mx\/?p=46875","title":{"rendered":"Mantienen trabajadores, protestas y paro laboral en Poder Judicial"},"content":{"rendered":"\n<p><strong>Juan Arcos <\/strong><\/p>\n\n\n\n<p>Xalapa, Ver.- Trabajadores del Poder Judicial de la Federaci\u00f3n (PJF) protestaron frente a Palacio de Gobierno ante la desaparici\u00f3n de fideicomisos, lo que consideraron un atentado contra la impartici\u00f3n de justicia en el pa\u00eds.<\/p>\n\n\n\n<p>El paro de labores en el Poder Judicial se prolongar\u00eda hasta el pr\u00f3ximo domingo 29 de octubre, acuerdo que tambi\u00e9n fue acatado por el personal de la ciudad de Xalapa y sus distintas sedes en el estado de Veracruz.<\/p>\n\n\n\n<p>Cabe recordar que el mi\u00e9rcoles 25 de octubre el Pleno de la C\u00e1mara de Senadores aprob\u00f3 la extinci\u00f3n de 13 de 14 de los fideicomisos del Poder Judicial, cuyos recursos ascienden a m\u00e1s de 15 mil millones de pesos y que ser\u00e1n enviados a la Tesorer\u00eda de la Federaci\u00f3n.<\/p>\n\n\n\n<p>Durante la manifestaci\u00f3n en el centro de Xalapa, los quejosos negaron entrevistas a los medios de comunicaci\u00f3n y con meg\u00e1fono en mano lanzaron consignas para destacar la importancia del Poder Judicial de la Federaci\u00f3n para la poblaci\u00f3n.<\/p>\n\n\n\n<p>\u201cEl amparo te protege. Te pusieron una multa ilegalmente, el amparo te protege, te quitaron la concesi\u00f3n de tu taxi ilegalmente, el amparo te protege, entonces, todos somos poder judicial\u201d, increparon.<\/p>\n\n\n\n<p>Las protestas en la ciudad de Xalapa para la defensa del presupuesto del Poder Judicial de la Federaci\u00f3n iniciaron el pasado 12 de octubre.<br>El pasado domingo 22 de octubre tambi\u00e9n hubo una concentraci\u00f3n ciudadana en el centro de la capital de Veracruz, para respaldar al Poder Judicial de la Federaci\u00f3n.<\/p>\n\n\n\n<p>Los trabajadores han denunciado que el recorte presupuestal afecta sus condiciones generales de trabajo, pues se eliminar\u00edan algunas de las prestaciones que lograron mediante luchas sindicales.<\/p>\n\n\n\n<figure class=\"wp-block-image size-large\"><img loading=\"lazy\" decoding=\"async\" width=\"1024\" height=\"768\" src=\"https:\/\/encuentroinformativo.com.mx\/wp-content\/uploads\/2023\/10\/IMG_8847-1024x768.jpg\" alt=\"\" class=\"wp-image-46877\" srcset=\"https:\/\/encuentroinformativo.com.mx\/wp-content\/uploads\/2023\/10\/IMG_8847-1024x768.jpg 1024w, https:\/\/encuentroinformativo.com.mx\/wp-content\/uploads\/2023\/10\/IMG_8847-300x225.jpg 300w, https:\/\/encuentroinformativo.com.mx\/wp-content\/uploads\/2023\/10\/IMG_8847-768x576.jpg 768w, https:\/\/encuentroinformativo.com.mx\/wp-content\/uploads\/2023\/10\/IMG_8847-1536x1152.jpg 1536w, https:\/\/encuentroinformativo.com.mx\/wp-content\/uploads\/2023\/10\/IMG_8847.jpg 2016w\" sizes=\"auto, (max-width: 1024px) 100vw, 1024px\" \/><\/figure>\n","protected":false},"excerpt":{"rendered":"<p>Juan Arcos Xalapa, Ver.- Trabajadores del Poder Judicial de la Federaci\u00f3n (PJF) protestaron frente a Palacio de Gobierno ante la desaparici\u00f3n de fideicomisos, lo que consideraron un atentado contra la impartici\u00f3n de justicia en el pa\u00eds. El paro de labores en el Poder Judicial se prolongar\u00eda hasta el pr\u00f3ximo domingo 29 de octubre, acuerdo que [&hellip;]<\/p>\n","protected":false},"author":2476,"featured_media":46876,"comment_status":"open","ping_status":"open","sticky":false,"template":"","format":"standard","meta":{"_jetpack_memberships_contains_paid_content":false,"footnotes":""},"categories":[3],"tags":[],"class_list":["post-46875","post","type-post","status-publish","format-standard","has-post-thumbnail","hentry","category-xalapa"],"jetpack_featured_media_url":"https:\/\/encuentroinformativo.com.mx\/wp-content\/uploads\/2023\/10\/IMG_8851.jpg","jetpack_sharing_enabled":true,"jetpack_likes_enabled":true,"amp_enabled":true,"_links":{"self":[{"href":"https:\/\/encuentroinformativo.com.mx\/index.php?rest_route=\/wp\/v2\/posts\/46875","targetHints":{"allow":["GET"]}}],"collection":[{"href":"https:\/\/encuentroinformativo.com.mx\/index.php?rest_route=\/wp\/v2\/posts"}],"about":[{"href":"https:\/\/encuentroinformativo.com.mx\/index.php?rest_route=\/wp\/v2\/types\/post"}],"author":[{"embeddable":true,"href":"https:\/\/encuentroinformativo.com.mx\/index.php?rest_route=\/wp\/v2\/users\/2476"}],"replies":[{"embeddable":true,"href":"https:\/\/encuentroinformativo.com.mx\/index.php?rest_route=%2Fwp%2Fv2%2Fcomments&post=46875"}],"version-history":[{"count":1,"href":"https:\/\/encuentroinformativo.com.mx\/index.php?rest_route=\/wp\/v2\/posts\/46875\/revisions"}],"predecessor-version":[{"id":46878,"href":"https:\/\/encuentroinformativo.com.mx\/index.php?rest_route=\/wp\/v2\/posts\/46875\/revisions\/46878"}],"wp:featuredmedia":[{"embeddable":true,"href":"https:\/\/encuentroinformativo.com.mx\/index.php?rest_route=\/wp\/v2\/media\/46876"}],"wp:attachment":[{"href":"https:\/\/encuentroinformativo.com.mx\/index.php?rest_route=%2Fwp%2Fv2%2Fmedia&parent=46875"}],"wp:term":[{"taxonomy":"category","embeddable":true,"href":"https:\/\/encuentroinformativo.com.mx\/index.php?rest_route=%2Fwp%2Fv2%2Fcategories&post=46875"},{"taxonomy":"post_tag","embeddable":true,"href":"https:\/\/encuentroinformativo.com.mx\/index.php?rest_route=%2Fwp%2Fv2%2Ftags&post=46875"}],"curies":[{"name":"wp","href":"https:\/\/api.w.org\/{rel}","templated":true}]}}