{"id":46882,"date":"2023-10-26T14:02:08","date_gmt":"2023-10-26T20:02:08","guid":{"rendered":"https:\/\/encuentroinformativo.com.mx\/?p=46882"},"modified":"2023-10-26T14:02:08","modified_gmt":"2023-10-26T20:02:08","slug":"se-logro-acuerdo-con-motorepartidores-que-acusaron-abusos-ahued","status":"publish","type":"post","link":"https:\/\/encuentroinformativo.com.mx\/?p=46882","title":{"rendered":"Se logr\u00f3 acuerdo con motorepartidores que acusaron abusos: Ahued"},"content":{"rendered":"\n<p><strong>Dar\u00edo Pale <\/strong><\/p>\n\n\n\n<p>Xalapa, Ver.- Despu\u00e9s de la manifestaci\u00f3n con los motorepartidores se lleg\u00f3 a un buen acuerdo con la autoridad competente ya que era en contra del actuar de algunos elementos de la polic\u00eda municipal, as\u00ed lo dio a conocer el presidente municipal Ricardo Ahued Bardahuil.<\/p>\n\n\n\n<p>En entrevista se\u00f1al\u00f3 que se reunieron con el director de la corporaci\u00f3n y se dialog\u00f3 sobre las inquietudes que ten\u00edan.<\/p>\n\n\n\n<p>\u201cPlaticaron con el director (de la Polic\u00eda Municipal) llegaron a acuerdos, es por el bien de ellos\u00a0 y el bien de la ciudadan\u00eda y la polic\u00eda siempre tendr\u00e1 que tener un comportamiento de apoyo a la ciudadan\u00eda y de di\u00e1logo\u201d, explic\u00f3.<\/p>\n\n\n\n<p>Por lo que se refiere a la denuncia sobre la presunta agresi\u00f3n que un motociclista sufri\u00f3 por parte de un elemento municipal, precis\u00f3 que se llevan a cabo las investigaciones correspondientes.<\/p>\n\n\n\n<p>&#8220;Hay un \u00d3rgano de Control Interno que lleva la investigaci\u00f3n para que se tome nota sobre si hubo falta de protocolo y eso esta en proceso\u201d, coment\u00f3.<\/p>\n\n\n\n<p>Finalmente cabe recordar que esto se debe a qu\u00e9 el pasado martes, los motorepartidores salieron a las calles para denunciar que han sido v\u00edctimas de presunto acoso y hostigamiento por parte de los elementos municipales.\u00a0<\/p>\n","protected":false},"excerpt":{"rendered":"<p>Dar\u00edo Pale Xalapa, Ver.- Despu\u00e9s de la manifestaci\u00f3n con los motorepartidores se lleg\u00f3 a un buen acuerdo con la autoridad competente ya que era en contra del actuar de algunos elementos de la polic\u00eda municipal, as\u00ed lo dio a conocer el presidente municipal Ricardo Ahued Bardahuil. En entrevista se\u00f1al\u00f3 que se reunieron con el director [&hellip;]<\/p>\n","protected":false},"author":2476,"featured_media":46883,"comment_status":"open","ping_status":"open","sticky":false,"template":"","format":"standard","meta":{"_jetpack_memberships_contains_paid_content":false,"footnotes":""},"categories":[3],"tags":[],"class_list":["post-46882","post","type-post","status-publish","format-standard","has-post-thumbnail","hentry","category-xalapa"],"jetpack_featured_media_url":"https:\/\/encuentroinformativo.com.mx\/wp-content\/uploads\/2023\/10\/IMG-20231026-WA00182.jpg","jetpack_sharing_enabled":true,"jetpack_likes_enabled":true,"amp_enabled":true,"_links":{"self":[{"href":"https:\/\/encuentroinformativo.com.mx\/index.php?rest_route=\/wp\/v2\/posts\/46882","targetHints":{"allow":["GET"]}}],"collection":[{"href":"https:\/\/encuentroinformativo.com.mx\/index.php?rest_route=\/wp\/v2\/posts"}],"about":[{"href":"https:\/\/encuentroinformativo.com.mx\/index.php?rest_route=\/wp\/v2\/types\/post"}],"author":[{"embeddable":true,"href":"https:\/\/encuentroinformativo.com.mx\/index.php?rest_route=\/wp\/v2\/users\/2476"}],"replies":[{"embeddable":true,"href":"https:\/\/encuentroinformativo.com.mx\/index.php?rest_route=%2Fwp%2Fv2%2Fcomments&post=46882"}],"version-history":[{"count":1,"href":"https:\/\/encuentroinformativo.com.mx\/index.php?rest_route=\/wp\/v2\/posts\/46882\/revisions"}],"predecessor-version":[{"id":46884,"href":"https:\/\/encuentroinformativo.com.mx\/index.php?rest_route=\/wp\/v2\/posts\/46882\/revisions\/46884"}],"wp:featuredmedia":[{"embeddable":true,"href":"https:\/\/encuentroinformativo.com.mx\/index.php?rest_route=\/wp\/v2\/media\/46883"}],"wp:attachment":[{"href":"https:\/\/encuentroinformativo.com.mx\/index.php?rest_route=%2Fwp%2Fv2%2Fmedia&parent=46882"}],"wp:term":[{"taxonomy":"category","embeddable":true,"href":"https:\/\/encuentroinformativo.com.mx\/index.php?rest_route=%2Fwp%2Fv2%2Fcategories&post=46882"},{"taxonomy":"post_tag","embeddable":true,"href":"https:\/\/encuentroinformativo.com.mx\/index.php?rest_route=%2Fwp%2Fv2%2Ftags&post=46882"}],"curies":[{"name":"wp","href":"https:\/\/api.w.org\/{rel}","templated":true}]}}