{"id":46885,"date":"2023-10-26T11:52:19","date_gmt":"2023-10-26T17:52:19","guid":{"rendered":"https:\/\/encuentroinformativo.com.mx\/?p=46885"},"modified":"2023-10-26T15:57:13","modified_gmt":"2023-10-26T21:57:13","slug":"estudiantes-marchan-para-reclamar-4-de-presupuesto-a-la-uv","status":"publish","type":"post","link":"https:\/\/encuentroinformativo.com.mx\/?p=46885","title":{"rendered":"Estudiantes marchan para reclamar 4% de presupuesto a la UV"},"content":{"rendered":"\n<p><strong>Juan Arcos\/Dar\u00edo Pale<\/strong> <\/p>\n\n\n\n<p>Xalapa, Ver &#8211; Una treintena de estudiantes de la Universidad Veracruzana (UV) protest\u00f3 y march\u00f3 en la ciudad de Xalapa, para exigir que se otorgue el 4 por ciento del total del presupuesto de la entidad a la m\u00e1xima casa de estudios y las autoridades universitarias garanticen la transparencia en el ejercicio de los recursos p\u00fablicos.<\/p>\n\n\n\n<p>Los manifestantes se concentraron en el Teatro del Estado \u201cIgnacio de la Llave\u201d para despu\u00e9s caminar hacia Palacio de Gobierno, donde bloquearon la calle Juan de la Luz Enr\u00edquez.<\/p>\n\n\n\n<p>Portaban pancartas donde se le\u00edan diversos mensajes como: \u201cpor una educaci\u00f3n p\u00fablica de calidad\u201d, \u201ccon nuestro presupuesto no\u201d y \u201cdefendamos la educaci\u00f3n p\u00fablica\u201d.<\/p>\n\n\n\n<p>Rolando Ramos, estudiante de la Licenciatura en Fotograf\u00eda, indic\u00f3 que los universitarios emprendieron la Movilizaci\u00f3n por una Educaci\u00f3n Digna UV (Meduv) desde hace unas semanas, en defensa del presupuesto de la instituci\u00f3n.<\/p>\n\n\n\n<p>Tambi\u00e9n criticaron la administraci\u00f3n del rector Mart\u00edn Aguilar S\u00e1nchez por las carencias que existen en las distancias \u00e1reas de la Universidad Veracruzana.<\/p>\n\n\n\n<p>&#8220;Es una contraparte a la campa\u00f1a que est\u00e1 haciendo el Rector para exigir el 4 por ciento del presupuesto total de la entidad, estamos de acuerdo con esa exigencia, pero la cuesti\u00f3n tambi\u00e9n es para qu\u00e9 se va a utilizar el dinero, si efectivamente se va a utilizar para cubrir las necesidades de los estudiantes y los trabajadores\u201d.<\/p>\n\n\n\n<p>Los alumnos indicaron que ha faltado transparencia en el ejercicio de los recursos en la m\u00e1xima casa de estudios del estado de Veracruz.<\/p>\n\n\n\n<p>\u201cHay cuestiones b\u00e1sicas para mejorar nuestra calidad de vida, en la unidad de artes est\u00e1 la estructura del comedero pero no existe, no va nadie o los centros de salud de la universidad est\u00e1n desatendidos\u201d.<\/p>\n\n\n\n<p>Algunas alumnas acusaron que en los sanitarios de la UV ni siquiera hay papel higi\u00e9nico y que los espacios universitarios carecen de infraestructura para personas con discapacidad.<\/p>\n\n\n\n<p>\u201cEscasez de papel de ba\u00f1o y productos requeridos por personas menstruantes. La unidad de g\u00e9nero y las instancias de salud f\u00edsica y mental no cuentan con suficientes trabajadores. Los profesores tampoco son suficientes para ofrecernos buenos horarios y a muchos no les pagan lo suficiente o les atrasan los pagos\u201d, increparon.<\/p>\n\n\n\n<p>En el caso de la Unidad de Artes, reclamaron que no se invierte en el buen funcionamiento de comedores y espacios de atenci\u00f3n a la salud de los estudiantes y agregaron que no cuentan con equipo de c\u00f3mputo y software adecuado para cursar su carrera, lo que les genera gastos.\u00a0<\/p>\n\n\n\n<p>&#8220;Hay ciertas cuestiones que son b\u00e1sicas para mejorar nuestra calidad de vida, como los comederos subsidiados, est\u00e1 la estructura del comedero, pero m existe, no va nadie o los centros de salud de la unidad que siempre est\u00e1n desatendidos&#8221;, coment\u00f3.<\/p>\n\n\n\n<p>Alumnos de distintas facultades se organizaron a trav\u00e9s de asambleas y este jueves marcharon por el centro de Xalapa para exponer sus necesidades y dudas a las autoridades de la Universidad Veracruzana.<\/p>\n\n\n\n<p>&#8220;Aprovechando que se est\u00e1 luchando por tener m\u00e1s dinero, nosotros exigimos para qu\u00e9 lo necesitamos&#8221;, dijo en la entrevista.<\/p>\n\n\n\n<p>Por \u00faltimo cabe se\u00f1alar que la marcha parti\u00f3 del Teatro del Estado y culmin\u00f3 en el primer cuadro de la ciudad<\/p>\n","protected":false},"excerpt":{"rendered":"<p>Juan Arcos\/Dar\u00edo Pale Xalapa, Ver &#8211; Una treintena de estudiantes de la Universidad Veracruzana (UV) protest\u00f3 y march\u00f3 en la ciudad de Xalapa, para exigir que se otorgue el 4 por ciento del total del presupuesto de la entidad a la m\u00e1xima casa de estudios y las autoridades universitarias garanticen la transparencia en el ejercicio [&hellip;]<\/p>\n","protected":false},"author":2476,"featured_media":46886,"comment_status":"open","ping_status":"open","sticky":false,"template":"","format":"standard","meta":{"_jetpack_memberships_contains_paid_content":false,"footnotes":""},"categories":[3],"tags":[],"class_list":["post-46885","post","type-post","status-publish","format-standard","has-post-thumbnail","hentry","category-xalapa"],"jetpack_featured_media_url":"https:\/\/encuentroinformativo.com.mx\/wp-content\/uploads\/2023\/10\/IMG_8896.jpg","jetpack_sharing_enabled":true,"jetpack_likes_enabled":true,"amp_enabled":true,"_links":{"self":[{"href":"https:\/\/encuentroinformativo.com.mx\/index.php?rest_route=\/wp\/v2\/posts\/46885","targetHints":{"allow":["GET"]}}],"collection":[{"href":"https:\/\/encuentroinformativo.com.mx\/index.php?rest_route=\/wp\/v2\/posts"}],"about":[{"href":"https:\/\/encuentroinformativo.com.mx\/index.php?rest_route=\/wp\/v2\/types\/post"}],"author":[{"embeddable":true,"href":"https:\/\/encuentroinformativo.com.mx\/index.php?rest_route=\/wp\/v2\/users\/2476"}],"replies":[{"embeddable":true,"href":"https:\/\/encuentroinformativo.com.mx\/index.php?rest_route=%2Fwp%2Fv2%2Fcomments&post=46885"}],"version-history":[{"count":1,"href":"https:\/\/encuentroinformativo.com.mx\/index.php?rest_route=\/wp\/v2\/posts\/46885\/revisions"}],"predecessor-version":[{"id":46887,"href":"https:\/\/encuentroinformativo.com.mx\/index.php?rest_route=\/wp\/v2\/posts\/46885\/revisions\/46887"}],"wp:featuredmedia":[{"embeddable":true,"href":"https:\/\/encuentroinformativo.com.mx\/index.php?rest_route=\/wp\/v2\/media\/46886"}],"wp:attachment":[{"href":"https:\/\/encuentroinformativo.com.mx\/index.php?rest_route=%2Fwp%2Fv2%2Fmedia&parent=46885"}],"wp:term":[{"taxonomy":"category","embeddable":true,"href":"https:\/\/encuentroinformativo.com.mx\/index.php?rest_route=%2Fwp%2Fv2%2Fcategories&post=46885"},{"taxonomy":"post_tag","embeddable":true,"href":"https:\/\/encuentroinformativo.com.mx\/index.php?rest_route=%2Fwp%2Fv2%2Ftags&post=46885"}],"curies":[{"name":"wp","href":"https:\/\/api.w.org\/{rel}","templated":true}]}}