{"id":46888,"date":"2023-10-26T16:06:28","date_gmt":"2023-10-26T22:06:28","guid":{"rendered":"https:\/\/encuentroinformativo.com.mx\/?p=46888"},"modified":"2023-10-26T16:06:28","modified_gmt":"2023-10-26T22:06:28","slug":"promueve-gobierno-la-prevencion-de-la-violencia-mediante-ferias-infantiles","status":"publish","type":"post","link":"https:\/\/encuentroinformativo.com.mx\/?p=46888","title":{"rendered":"Promueve Gobierno la prevenci\u00f3n de la violencia mediante ferias infantiles"},"content":{"rendered":"\n<p>Xalapa, Ver.- El Centro Estatal de Prevenci\u00f3n Social de la Violencia y la Delincuencia con Participaci\u00f3n Ciudadana pone al alcance de ayuntamientos y planteles de educaci\u00f3n b\u00e1sica y media superior las Ferias de la Prevenci\u00f3n, una serie de actividades l\u00fadicas y recreativas con el objetivo de fomentar la cultura de paz y los derechos humanos.<\/p>\n\n\n\n<p>Entre din\u00e1micas para pintar y colorear, concursos, lectura y juegos como serpientes y escaleras, jenga y loter\u00eda, los asistentes aprenden sobre las conductas violentas que deben evitar en su entorno familiar, escolar y social, adem\u00e1s de identificar los canales de denuncia oportuna y auxilio en caso de alguna agresi\u00f3n que ponga en riesgo su integridad o la de sus conocidos.<\/p>\n\n\n\n<p>En los \u00faltimos 10 meses, dichos eventos han tenido impacto en 23 mil 444 ni\u00f1as, ni\u00f1os, adolescentes y j\u00f3venes de Alvarado, Banderilla, Carlos A. Carrillo, Coacoatzintla, Coatepec, Emiliano Zapata, Mart\u00ednez de la Torre, Misantla, Ozuluama, Papantla, San Andr\u00e9s Tuxtla, Teocelo, Tlacojalpan, Veracruz, Xalapa, Yanga y Yecuatla.<\/p>\n\n\n\n<p>La Secretar\u00eda de Seguridad P\u00fablica invita a los ayuntamientos e instituciones educativas p\u00fablicas y privadas a participar en las Ferias de la Prevenci\u00f3n, pueden solicitarlas llamando al tel\u00e9fono (228) 841 -80-48, extensiones 11027 y 11037, y as\u00ed contribuir a una sociedad m\u00e1s consciente, respetuosa y preparada ante los fen\u00f3menos que originan la violencia y la delincuencia.<\/p>\n\n\n\n<figure class=\"wp-block-image size-large\"><img loading=\"lazy\" decoding=\"async\" width=\"1024\" height=\"768\" src=\"https:\/\/encuentroinformativo.com.mx\/wp-content\/uploads\/2023\/10\/IMG-20231026-WA0078.jpg\" alt=\"\" class=\"wp-image-46890\" srcset=\"https:\/\/encuentroinformativo.com.mx\/wp-content\/uploads\/2023\/10\/IMG-20231026-WA0078.jpg 1024w, https:\/\/encuentroinformativo.com.mx\/wp-content\/uploads\/2023\/10\/IMG-20231026-WA0078-300x225.jpg 300w, https:\/\/encuentroinformativo.com.mx\/wp-content\/uploads\/2023\/10\/IMG-20231026-WA0078-768x576.jpg 768w\" sizes=\"auto, (max-width: 1024px) 100vw, 1024px\" \/><\/figure>\n","protected":false},"excerpt":{"rendered":"<p>Xalapa, Ver.- El Centro Estatal de Prevenci\u00f3n Social de la Violencia y la Delincuencia con Participaci\u00f3n Ciudadana pone al alcance de ayuntamientos y planteles de educaci\u00f3n b\u00e1sica y media superior las Ferias de la Prevenci\u00f3n, una serie de actividades l\u00fadicas y recreativas con el objetivo de fomentar la cultura de paz y los derechos humanos. [&hellip;]<\/p>\n","protected":false},"author":2476,"featured_media":46889,"comment_status":"open","ping_status":"open","sticky":false,"template":"","format":"standard","meta":{"_jetpack_memberships_contains_paid_content":false,"footnotes":""},"categories":[2],"tags":[],"class_list":["post-46888","post","type-post","status-publish","format-standard","has-post-thumbnail","hentry","category-estado"],"jetpack_featured_media_url":"https:\/\/encuentroinformativo.com.mx\/wp-content\/uploads\/2023\/10\/IMG-20231026-WA0075.jpg","jetpack_sharing_enabled":true,"jetpack_likes_enabled":true,"amp_enabled":true,"_links":{"self":[{"href":"https:\/\/encuentroinformativo.com.mx\/index.php?rest_route=\/wp\/v2\/posts\/46888","targetHints":{"allow":["GET"]}}],"collection":[{"href":"https:\/\/encuentroinformativo.com.mx\/index.php?rest_route=\/wp\/v2\/posts"}],"about":[{"href":"https:\/\/encuentroinformativo.com.mx\/index.php?rest_route=\/wp\/v2\/types\/post"}],"author":[{"embeddable":true,"href":"https:\/\/encuentroinformativo.com.mx\/index.php?rest_route=\/wp\/v2\/users\/2476"}],"replies":[{"embeddable":true,"href":"https:\/\/encuentroinformativo.com.mx\/index.php?rest_route=%2Fwp%2Fv2%2Fcomments&post=46888"}],"version-history":[{"count":1,"href":"https:\/\/encuentroinformativo.com.mx\/index.php?rest_route=\/wp\/v2\/posts\/46888\/revisions"}],"predecessor-version":[{"id":46891,"href":"https:\/\/encuentroinformativo.com.mx\/index.php?rest_route=\/wp\/v2\/posts\/46888\/revisions\/46891"}],"wp:featuredmedia":[{"embeddable":true,"href":"https:\/\/encuentroinformativo.com.mx\/index.php?rest_route=\/wp\/v2\/media\/46889"}],"wp:attachment":[{"href":"https:\/\/encuentroinformativo.com.mx\/index.php?rest_route=%2Fwp%2Fv2%2Fmedia&parent=46888"}],"wp:term":[{"taxonomy":"category","embeddable":true,"href":"https:\/\/encuentroinformativo.com.mx\/index.php?rest_route=%2Fwp%2Fv2%2Fcategories&post=46888"},{"taxonomy":"post_tag","embeddable":true,"href":"https:\/\/encuentroinformativo.com.mx\/index.php?rest_route=%2Fwp%2Fv2%2Ftags&post=46888"}],"curies":[{"name":"wp","href":"https:\/\/api.w.org\/{rel}","templated":true}]}}