{"id":46900,"date":"2023-10-26T19:49:07","date_gmt":"2023-10-27T01:49:07","guid":{"rendered":"https:\/\/encuentroinformativo.com.mx\/?p=46900"},"modified":"2023-10-26T19:49:08","modified_gmt":"2023-10-27T01:49:08","slug":"invivienda-aliado-para-prevenir-y-erradicar-la-violencia-en-contra-de-mujeres-y-ninas-reconoce-ivai","status":"publish","type":"post","link":"https:\/\/encuentroinformativo.com.mx\/?p=46900","title":{"rendered":"INVIVIENDA, aliado para prevenir y erradicar la violencia en contra de mujeres y ni\u00f1as, reconoce IVAI"},"content":{"rendered":"\n<p><strong>* El Comisionado Presidente David Agust\u00edn Jim\u00e9nez Rojas y el Gerente General Hazael Flores Castro firmaron la carta declaratoria para el micrositio \u201cTransparencia Naranja&#8221;.<\/strong><\/p>\n\n\n\n<p>Xalapa, Ver.- El Comisionado Presidente del Instituto Veracruzano de Acceso a la Informaci\u00f3n y Protecci\u00f3n de Datos Personales (IVAI), David Agust\u00edn Jim\u00e9nez Rojas, en compa\u00f1\u00eda de Hazael Flores Castro, Gerente General del Instituto Veracruzano de la Vivienda (INVIVIENDA), y el Comisionado del IVAI, Jos\u00e9 Alfredo Corona Liz\u00e1rraga, presidieron la suscripci\u00f3n de la Carta Declaratoria de la adhesi\u00f3n al programa \u201cTransparencia Naranja\u201d, por lo que la dependencia se compromete a crear un micrositio para difundir acciones para prevenir y erradicar la violencia en contra de mujeres y ni\u00f1as.<\/p>\n\n\n\n<p>Durante su mensaje, David Agust\u00edn Jim\u00e9nez comento que \u201cla transformaci\u00f3n de nuestro estado va de la mano con un trabajo incansable con romper paradigmas, y el programa \u201cTransparencia Naranja\u201d tiene la funci\u00f3n de visibilizar todas las acciones que tengamos como instituci\u00f3n en materia de g\u00e9nero\u201d. La inclusi\u00f3n de este micrositio es muy importante, porque va proporcionar una plataforma digital para visibilizar, prevenir y eliminar todo tipo de violencia en raz\u00f3n de g\u00e9nero.<\/p>\n\n\n\n<p>El Comisionado Presidente del IVAI afirm\u00f3 que la lucha contra la violencia de g\u00e9nero es un compromiso que no debe tomarse a la ligera, que nos sumemos todas las personas que laboramos en estas instituciones y que hagamos visible las acciones que tengamos para lograr ambientes seguros para todos y todas, por lo que en nombre del IVAI agradeci\u00f3 que se adhiriera INVIVIENDA al programa \u201cTransparencia Naranja\u201d.<\/p>\n\n\n\n<p>En este sentido, el Gerente General del Instituto Veracruzano de la Vivienda, Hazael Flores Castro, asegur\u00f3 que la erradicaci\u00f3n de la violencia contra las mujeres no es s\u00f3lo una cuesti\u00f3n de justicia, \u201ces una cuesti\u00f3n de derechos humanos; la transparencia proactiva es un enfoque que puede desempe\u00f1ar un papel fundamental en este esfuerzo. Implica la divulgaci\u00f3n activa y voluntaria de informaci\u00f3n para mantener a la sociedad informada\u201d.<\/p>\n\n\n\n<p>Por su parte, el Comisionado de este \u00d3rgano Garante, Jos\u00e9 Alfredo Corona Liz\u00e1rraga, agradeci\u00f3 a INVIVIENDA por unirse a este movimiento que con mucho esfuerzo ha llevado a cabo el IVAI. \u201cINVIVIENDA es una dependencia que ha encontrado en estas alianzas institucionales mecanismos por los cuales podemos potencializar diferentes acciones en materia de violencia de g\u00e9nero, ya que todo aquello que restrinja la participaci\u00f3n de las mujeres son esfuerzos inacabados\u201d.<\/p>\n\n\n\n<p>Por otro lado, la Titular de la Unidad de G\u00e9nero de INVIVIENDA, Mariana Rafaela Baizabal Salazar, agradeci\u00f3 este proyecto y coment\u00f3 que \u201cTransparencia Naranja\u201d es un espacio para que las unidades de g\u00e9nero sean visualizadas y as\u00ed fortalecer la estrategia de cero tolerancia de la violencia contra las mujeres y ni\u00f1as en Veracruz.<\/p>\n\n\n\n<p>Estuvieron presentes servidores p\u00fablicos de este \u00d3rgano Garante, la Titular de la Unidad de G\u00e9nero, Alicia Caldelas; la Directora de Transparencia, Ileana Maga\u00f1a; el Jefe de la Oficina de Gobierno Abierto, Carlos Le\u00f3n Contreri, as\u00ed como Astrid del Roc\u00edo Guti\u00e9rrez Acua, en representaci\u00f3n de la Comisionada Naldy Patricia Rodr\u00edguez Lagunes.<\/p>\n\n\n\n<p>Por parte del Instituto INVIVIENDA acudieron la Licenciada Mariana Rafaela Baizabal, Titular de la Unidad de G\u00e9nero, el Ingeniero Francisco Javier P\u00e9rez Hern\u00e1ndez, Jefe de la Oficina de Tecnolog\u00edas de la Informaci\u00f3n, entre otros servidores p\u00fablicos.<\/p>\n","protected":false},"excerpt":{"rendered":"<p>* El Comisionado Presidente David Agust\u00edn Jim\u00e9nez Rojas y el Gerente General Hazael Flores Castro firmaron la carta declaratoria para el micrositio \u201cTransparencia Naranja&#8221;. Xalapa, Ver.- El Comisionado Presidente del Instituto Veracruzano de Acceso a la Informaci\u00f3n y Protecci\u00f3n de Datos Personales (IVAI), David Agust\u00edn Jim\u00e9nez Rojas, en compa\u00f1\u00eda de Hazael Flores Castro, Gerente General [&hellip;]<\/p>\n","protected":false},"author":2476,"featured_media":46898,"comment_status":"open","ping_status":"open","sticky":false,"template":"","format":"standard","meta":{"_jetpack_memberships_contains_paid_content":false,"footnotes":""},"categories":[2],"tags":[],"class_list":["post-46900","post","type-post","status-publish","format-standard","has-post-thumbnail","hentry","category-estado"],"jetpack_featured_media_url":"https:\/\/encuentroinformativo.com.mx\/wp-content\/uploads\/2023\/10\/IMG-20231026-WA0112.jpg","jetpack_sharing_enabled":true,"jetpack_likes_enabled":true,"amp_enabled":true,"_links":{"self":[{"href":"https:\/\/encuentroinformativo.com.mx\/index.php?rest_route=\/wp\/v2\/posts\/46900","targetHints":{"allow":["GET"]}}],"collection":[{"href":"https:\/\/encuentroinformativo.com.mx\/index.php?rest_route=\/wp\/v2\/posts"}],"about":[{"href":"https:\/\/encuentroinformativo.com.mx\/index.php?rest_route=\/wp\/v2\/types\/post"}],"author":[{"embeddable":true,"href":"https:\/\/encuentroinformativo.com.mx\/index.php?rest_route=\/wp\/v2\/users\/2476"}],"replies":[{"embeddable":true,"href":"https:\/\/encuentroinformativo.com.mx\/index.php?rest_route=%2Fwp%2Fv2%2Fcomments&post=46900"}],"version-history":[{"count":1,"href":"https:\/\/encuentroinformativo.com.mx\/index.php?rest_route=\/wp\/v2\/posts\/46900\/revisions"}],"predecessor-version":[{"id":46901,"href":"https:\/\/encuentroinformativo.com.mx\/index.php?rest_route=\/wp\/v2\/posts\/46900\/revisions\/46901"}],"wp:featuredmedia":[{"embeddable":true,"href":"https:\/\/encuentroinformativo.com.mx\/index.php?rest_route=\/wp\/v2\/media\/46898"}],"wp:attachment":[{"href":"https:\/\/encuentroinformativo.com.mx\/index.php?rest_route=%2Fwp%2Fv2%2Fmedia&parent=46900"}],"wp:term":[{"taxonomy":"category","embeddable":true,"href":"https:\/\/encuentroinformativo.com.mx\/index.php?rest_route=%2Fwp%2Fv2%2Fcategories&post=46900"},{"taxonomy":"post_tag","embeddable":true,"href":"https:\/\/encuentroinformativo.com.mx\/index.php?rest_route=%2Fwp%2Fv2%2Ftags&post=46900"}],"curies":[{"name":"wp","href":"https:\/\/api.w.org\/{rel}","templated":true}]}}