{"id":46913,"date":"2023-10-27T12:32:12","date_gmt":"2023-10-27T18:32:12","guid":{"rendered":"https:\/\/encuentroinformativo.com.mx\/?p=46913"},"modified":"2023-10-27T12:37:36","modified_gmt":"2023-10-27T18:37:36","slug":"por-dias-de-muertos-habra-cortes-viales-en-xalapa-anuncia-transito","status":"publish","type":"post","link":"https:\/\/encuentroinformativo.com.mx\/?p=46913","title":{"rendered":"Por D\u00edas de Muertos; habr\u00e1 cortes viales en Xalapa, anuncia Tr\u00e1nsito"},"content":{"rendered":"\n<p>Xalapa, Ver.- La Direcci\u00f3n General de Tr\u00e1nsito y Seguridad Vial prepara un despliegue de elementos en distintos panteones y eventos por la festividad de D\u00eda de Muertos; tan s\u00f3lo en la capital, est\u00e1n previstos 34 cortes de circulaci\u00f3n el pr\u00f3ximo s\u00e1bado 28, con motivo del gran Desfile de Catrinas a partir de las 16:00 horas.<\/p>\n\n\n\n<p>El operativo iniciar\u00e1 desde la intersecci\u00f3n de la avenida Manuel \u00c1vila Camacho con Sayago, as\u00ed como en Ruiz Cortines y Pedro Moreno, algunos puntos de Rub\u00e9n Bouchez, Ignacio de la Llave e Hilario Salas, continuando en Guadalupe Victoria y Benito Ju\u00e1rez, lugar de inicio del recorrido.<\/p>\n\n\n\n<p>En raz\u00f3n de que los contingentes llegar\u00e1n hasta Diego Le\u00f1o, el operativo abarca cruces en Clavijero, Altamirano, Revoluci\u00f3n, Rafael Lucio, Xalape\u00f1os Ilustres, Jos\u00e9 Mar\u00eda Mata, Guti\u00e9rrez Zamora, Zaragoza, Primo Verdad, Rojano, Arteaga, Murillo Vidal, Santos Degollado, Hidalgo, Moctezuma, Circuito Presidentes, 20 de Noviembre, D\u00edaz Mir\u00f3n, Cayetano Rodr\u00edguez y Nicol\u00e1s Bravo.<\/p>\n\n\n\n<p>En coordinaci\u00f3n con fuerzas de seguridad estatal y municipales, as\u00ed como instancias de Protecci\u00f3n Civil, ser\u00e1n desplegados m\u00e1s de 90 uniformados y 16 veh\u00edculos; en los cementerios, a partir del lunes 30 de octubre.<\/p>\n\n\n\n<p>Est\u00e1 prevista una rodada motociclista el viernes 27 a partir de las 19:00, sobre las avenidas Villahermosa, Adolfo Ruiz Cortines y Xalapa; adem\u00e1s de un segundo desfile el domingo 29 en la Circuito Presidentes a la altura de la USBI.<\/p>\n\n\n\n<p>Durante el Xantolo 2023, en el municipio de Tempoal, se espera gran afluencia de turistas en los alrededores del Parque Central y el Foro Tradicional; por ello habr\u00e1 cortes de circulaci\u00f3n en las principales calles, entre \u00e9stas Zaragoza, Libertad, Reforma, Santos Degollado, 5 de Febrero e Hidalgo.<\/p>\n\n\n\n<p>La Secretar\u00eda de Seguridad P\u00fablica invita a las y los veracruzanos a disfrutar de manera responsable los eventos y mantenerse informados mediante los canales oficiales.<\/p>\n\n\n\n<figure class=\"wp-block-image size-large\"><img loading=\"lazy\" decoding=\"async\" width=\"1024\" height=\"1024\" src=\"https:\/\/encuentroinformativo.com.mx\/wp-content\/uploads\/2023\/10\/IMG-20231027-WA0026-1024x1024.jpg\" alt=\"\" class=\"wp-image-46917\" srcset=\"https:\/\/encuentroinformativo.com.mx\/wp-content\/uploads\/2023\/10\/IMG-20231027-WA0026-1024x1024.jpg 1024w, https:\/\/encuentroinformativo.com.mx\/wp-content\/uploads\/2023\/10\/IMG-20231027-WA0026-300x300.jpg 300w, https:\/\/encuentroinformativo.com.mx\/wp-content\/uploads\/2023\/10\/IMG-20231027-WA0026-150x150.jpg 150w, https:\/\/encuentroinformativo.com.mx\/wp-content\/uploads\/2023\/10\/IMG-20231027-WA0026-768x768.jpg 768w, https:\/\/encuentroinformativo.com.mx\/wp-content\/uploads\/2023\/10\/IMG-20231027-WA0026-1536x1536.jpg 1536w, https:\/\/encuentroinformativo.com.mx\/wp-content\/uploads\/2023\/10\/IMG-20231027-WA0026.jpg 1600w\" sizes=\"auto, (max-width: 1024px) 100vw, 1024px\" \/><\/figure>\n\n\n\n<figure class=\"wp-block-image size-large\"><img loading=\"lazy\" decoding=\"async\" width=\"963\" height=\"1024\" src=\"https:\/\/encuentroinformativo.com.mx\/wp-content\/uploads\/2023\/10\/IMG-20231027-WA0025-963x1024.jpg\" alt=\"\" class=\"wp-image-46914\" srcset=\"https:\/\/encuentroinformativo.com.mx\/wp-content\/uploads\/2023\/10\/IMG-20231027-WA0025-963x1024.jpg 963w, https:\/\/encuentroinformativo.com.mx\/wp-content\/uploads\/2023\/10\/IMG-20231027-WA0025-282x300.jpg 282w, https:\/\/encuentroinformativo.com.mx\/wp-content\/uploads\/2023\/10\/IMG-20231027-WA0025-768x817.jpg 768w, https:\/\/encuentroinformativo.com.mx\/wp-content\/uploads\/2023\/10\/IMG-20231027-WA0025-1444x1536.jpg 1444w, https:\/\/encuentroinformativo.com.mx\/wp-content\/uploads\/2023\/10\/IMG-20231027-WA0025.jpg 1504w\" sizes=\"auto, (max-width: 963px) 100vw, 963px\" \/><\/figure>\n","protected":false},"excerpt":{"rendered":"<p>Xalapa, Ver.- La Direcci\u00f3n General de Tr\u00e1nsito y Seguridad Vial prepara un despliegue de elementos en distintos panteones y eventos por la festividad de D\u00eda de Muertos; tan s\u00f3lo en la capital, est\u00e1n previstos 34 cortes de circulaci\u00f3n el pr\u00f3ximo s\u00e1bado 28, con motivo del gran Desfile de Catrinas a partir de las 16:00 horas. [&hellip;]<\/p>\n","protected":false},"author":2476,"featured_media":46911,"comment_status":"open","ping_status":"open","sticky":false,"template":"","format":"standard","meta":{"_jetpack_memberships_contains_paid_content":false,"footnotes":""},"categories":[3],"tags":[],"class_list":["post-46913","post","type-post","status-publish","format-standard","has-post-thumbnail","hentry","category-xalapa"],"jetpack_featured_media_url":"https:\/\/encuentroinformativo.com.mx\/wp-content\/uploads\/2023\/10\/IMG-20231027-WA00272.jpg","jetpack_sharing_enabled":true,"jetpack_likes_enabled":true,"amp_enabled":true,"_links":{"self":[{"href":"https:\/\/encuentroinformativo.com.mx\/index.php?rest_route=\/wp\/v2\/posts\/46913","targetHints":{"allow":["GET"]}}],"collection":[{"href":"https:\/\/encuentroinformativo.com.mx\/index.php?rest_route=\/wp\/v2\/posts"}],"about":[{"href":"https:\/\/encuentroinformativo.com.mx\/index.php?rest_route=\/wp\/v2\/types\/post"}],"author":[{"embeddable":true,"href":"https:\/\/encuentroinformativo.com.mx\/index.php?rest_route=\/wp\/v2\/users\/2476"}],"replies":[{"embeddable":true,"href":"https:\/\/encuentroinformativo.com.mx\/index.php?rest_route=%2Fwp%2Fv2%2Fcomments&post=46913"}],"version-history":[{"count":2,"href":"https:\/\/encuentroinformativo.com.mx\/index.php?rest_route=\/wp\/v2\/posts\/46913\/revisions"}],"predecessor-version":[{"id":46918,"href":"https:\/\/encuentroinformativo.com.mx\/index.php?rest_route=\/wp\/v2\/posts\/46913\/revisions\/46918"}],"wp:featuredmedia":[{"embeddable":true,"href":"https:\/\/encuentroinformativo.com.mx\/index.php?rest_route=\/wp\/v2\/media\/46911"}],"wp:attachment":[{"href":"https:\/\/encuentroinformativo.com.mx\/index.php?rest_route=%2Fwp%2Fv2%2Fmedia&parent=46913"}],"wp:term":[{"taxonomy":"category","embeddable":true,"href":"https:\/\/encuentroinformativo.com.mx\/index.php?rest_route=%2Fwp%2Fv2%2Fcategories&post=46913"},{"taxonomy":"post_tag","embeddable":true,"href":"https:\/\/encuentroinformativo.com.mx\/index.php?rest_route=%2Fwp%2Fv2%2Ftags&post=46913"}],"curies":[{"name":"wp","href":"https:\/\/api.w.org\/{rel}","templated":true}]}}