{"id":46922,"date":"2023-10-27T13:49:20","date_gmt":"2023-10-27T19:49:20","guid":{"rendered":"https:\/\/encuentroinformativo.com.mx\/?p=46922"},"modified":"2023-10-27T13:49:21","modified_gmt":"2023-10-27T19:49:21","slug":"grupo-de-cuentacuentos-busca-espacios-en-teatro-del-estado","status":"publish","type":"post","link":"https:\/\/encuentroinformativo.com.mx\/?p=46922","title":{"rendered":"Grupo de Cuentacuentos busca espacios en Teatro del Estado"},"content":{"rendered":"\n<p><strong>Dar\u00edo Pale <\/strong><\/p>\n\n\n\n<p>Xalapa, Ver.- Grupo &#8220;Cuentacuentos&#8221; busca motivar imaginaci\u00f3n de ni\u00f1as y ni\u00f1os, por lo que los integrantes piden apoyo del gobernador para presentarse en el Teatro del Estado, as\u00ed lo se\u00f1al\u00f3 Jeiby.<\/p>\n\n\n\n<p>En conferencia de prensa coment\u00f3 que con la finalidad de promover la unidad familiar, un grupo altruista denominado &#8220;Cuentacuentos&#8221; busca motivar a los peque\u00f1os a que desarrollen en su mente a los personajes y escenarios de acuerdo a su imaginaci\u00f3n.<\/p>\n\n\n\n<p>&#8220;Esto sabemos que pedag\u00f3gicamente encamina a los menores a desarrollar la creatividad y es algo muy importante&#8221;, se\u00f1al\u00f3.<\/p>\n\n\n\n<p>Adem\u00e1s, acotaron que buscan abordar diferentes temas como formaci\u00f3n, crecimiento, desarrollo humano integral, autoestima, amor a uno mismo, al pr\u00f3jimo, a nuestro entorno, al planeta y a los animales.\u00a0<\/p>\n\n\n\n<p>Los integrantes exhortaron a los gobiernos municipal y estatal para que los apoyen con la Secretar\u00eda de Educaci\u00f3n de Veracruz y puedan presentarse en el Teatro del Estado.\u00a0<\/p>\n\n\n\n<p>&#8220;Estamos trabajando la parte de Jeicy, Jeiby y Jerem\u00edas te llevan al teatro, y es una actividad totalmente acad\u00e9mica para ni\u00f1os de preprimaria y primaria, que consiste en llevar a los ni\u00f1os a una esfera como la del Teatro y puedan tener una experiencia sensorial y desarrollarse en lo sensitivo, cultural y art\u00edstico&#8221;, coment\u00f3.<\/p>\n\n\n\n<p>Por ello, pidieron una audiencia con el gobernador para que los respalde en su propuesta y proyecto, por lo pronto dijo que estar\u00e1n en el Paseo de las Catrinas este s\u00e1bado y estar\u00e1n en el Festival de D\u00eda de Muertos en Coatepec.\u00a0<\/p>\n\n\n\n<p>Finalmente cabe se\u00f1alar que el grupo cuenta con redes sociales como Facebook, YouTube y Tiktok, donde intentan rescatar los valores ya que lamentablemente se han perdido mucho en la actualidad.<\/p>\n","protected":false},"excerpt":{"rendered":"<p>Dar\u00edo Pale Xalapa, Ver.- Grupo &#8220;Cuentacuentos&#8221; busca motivar imaginaci\u00f3n de ni\u00f1as y ni\u00f1os, por lo que los integrantes piden apoyo del gobernador para presentarse en el Teatro del Estado, as\u00ed lo se\u00f1al\u00f3 Jeiby. En conferencia de prensa coment\u00f3 que con la finalidad de promover la unidad familiar, un grupo altruista denominado &#8220;Cuentacuentos&#8221; busca motivar a [&hellip;]<\/p>\n","protected":false},"author":2476,"featured_media":46923,"comment_status":"open","ping_status":"open","sticky":false,"template":"","format":"standard","meta":{"_jetpack_memberships_contains_paid_content":false,"footnotes":""},"categories":[3],"tags":[],"class_list":["post-46922","post","type-post","status-publish","format-standard","has-post-thumbnail","hentry","category-xalapa"],"jetpack_featured_media_url":"https:\/\/encuentroinformativo.com.mx\/wp-content\/uploads\/2023\/10\/IMG-20231027-WA0038.jpg","jetpack_sharing_enabled":true,"jetpack_likes_enabled":true,"amp_enabled":true,"_links":{"self":[{"href":"https:\/\/encuentroinformativo.com.mx\/index.php?rest_route=\/wp\/v2\/posts\/46922","targetHints":{"allow":["GET"]}}],"collection":[{"href":"https:\/\/encuentroinformativo.com.mx\/index.php?rest_route=\/wp\/v2\/posts"}],"about":[{"href":"https:\/\/encuentroinformativo.com.mx\/index.php?rest_route=\/wp\/v2\/types\/post"}],"author":[{"embeddable":true,"href":"https:\/\/encuentroinformativo.com.mx\/index.php?rest_route=\/wp\/v2\/users\/2476"}],"replies":[{"embeddable":true,"href":"https:\/\/encuentroinformativo.com.mx\/index.php?rest_route=%2Fwp%2Fv2%2Fcomments&post=46922"}],"version-history":[{"count":1,"href":"https:\/\/encuentroinformativo.com.mx\/index.php?rest_route=\/wp\/v2\/posts\/46922\/revisions"}],"predecessor-version":[{"id":46924,"href":"https:\/\/encuentroinformativo.com.mx\/index.php?rest_route=\/wp\/v2\/posts\/46922\/revisions\/46924"}],"wp:featuredmedia":[{"embeddable":true,"href":"https:\/\/encuentroinformativo.com.mx\/index.php?rest_route=\/wp\/v2\/media\/46923"}],"wp:attachment":[{"href":"https:\/\/encuentroinformativo.com.mx\/index.php?rest_route=%2Fwp%2Fv2%2Fmedia&parent=46922"}],"wp:term":[{"taxonomy":"category","embeddable":true,"href":"https:\/\/encuentroinformativo.com.mx\/index.php?rest_route=%2Fwp%2Fv2%2Fcategories&post=46922"},{"taxonomy":"post_tag","embeddable":true,"href":"https:\/\/encuentroinformativo.com.mx\/index.php?rest_route=%2Fwp%2Fv2%2Ftags&post=46922"}],"curies":[{"name":"wp","href":"https:\/\/api.w.org\/{rel}","templated":true}]}}