{"id":46925,"date":"2023-10-27T13:57:13","date_gmt":"2023-10-27T19:57:13","guid":{"rendered":"https:\/\/encuentroinformativo.com.mx\/?p=46925"},"modified":"2023-10-27T13:57:14","modified_gmt":"2023-10-27T19:57:14","slug":"temen-nuevo-recorte-vuelven-a-protestar-trabajadores-de-poder-judicial","status":"publish","type":"post","link":"https:\/\/encuentroinformativo.com.mx\/?p=46925","title":{"rendered":"Temen nuevo recorte, vuelven a protestar trabajadores de Poder Judicial"},"content":{"rendered":"\n<p><strong>Juan Arcos <\/strong><\/p>\n\n\n\n<p>Xalapa, Ver.- Empleados del Poder Judicial de la Federaci\u00f3n (PJF) protestaron de nueva cuenta frente a Palacio de Gobierno, en la ciudad de Xalapa, pues temen que haya un nuevo recorte presupuestal a nivel nacional.<\/p>\n\n\n\n<p>Los quejosos alzaron la voz sobre la escalinata de la Catedral Metropolitana, donde enfatizaron que continuar\u00e1n las manifestaciones para defender la impartici\u00f3n de justicia.<\/p>\n\n\n\n<p>De acuerdo con Monserrat de Alba, secretaria del Segundo Juzgado de Distrito con sede en Xalapa, la desaparici\u00f3n de 13 de los 14 fideicomisos del Poder Judicial afecta a la clase trabajadora.<\/p>\n\n\n\n<p>Adem\u00e1s, enfatiz\u00f3 que el Poder Judicial de la Federaci\u00f3n ha registrado una disminuci\u00f3n de ingresos econ\u00f3micos del 13 por ciento desde el a\u00f1o 2018 a la fecha.<\/p>\n\n\n\n<p>\u201cAhorita se pidi\u00f3 un aumento muy menor pero no se quiere aprobar, se est\u00e1n contando hasta las macetas que tenemos en cada \u00f3rgano jurisdiccional, en una clara intromisi\u00f3n a nuestra independencia econ\u00f3mica\u201d.<\/p>\n\n\n\n<p>Cabe recordar que el paro de labores se prolong\u00f3 hasta el pr\u00f3ximo domingo 29 de octubre; sin embargo, continuar\u00edan las acciones de protesta.<\/p>\n\n\n\n<figure class=\"wp-block-image size-large\"><img loading=\"lazy\" decoding=\"async\" width=\"768\" height=\"1024\" src=\"https:\/\/encuentroinformativo.com.mx\/wp-content\/uploads\/2023\/10\/IMG_9199-768x1024.jpg\" alt=\"\" class=\"wp-image-46927\" srcset=\"https:\/\/encuentroinformativo.com.mx\/wp-content\/uploads\/2023\/10\/IMG_9199-768x1024.jpg 768w, https:\/\/encuentroinformativo.com.mx\/wp-content\/uploads\/2023\/10\/IMG_9199-225x300.jpg 225w, https:\/\/encuentroinformativo.com.mx\/wp-content\/uploads\/2023\/10\/IMG_9199-1152x1536.jpg 1152w, https:\/\/encuentroinformativo.com.mx\/wp-content\/uploads\/2023\/10\/IMG_9199-rotated.jpg 1512w\" sizes=\"auto, (max-width: 768px) 100vw, 768px\" \/><\/figure>\n","protected":false},"excerpt":{"rendered":"<p>Juan Arcos Xalapa, Ver.- Empleados del Poder Judicial de la Federaci\u00f3n (PJF) protestaron de nueva cuenta frente a Palacio de Gobierno, en la ciudad de Xalapa, pues temen que haya un nuevo recorte presupuestal a nivel nacional. Los quejosos alzaron la voz sobre la escalinata de la Catedral Metropolitana, donde enfatizaron que continuar\u00e1n las manifestaciones [&hellip;]<\/p>\n","protected":false},"author":2476,"featured_media":46926,"comment_status":"open","ping_status":"open","sticky":false,"template":"","format":"standard","meta":{"_jetpack_memberships_contains_paid_content":false,"footnotes":""},"categories":[3],"tags":[],"class_list":["post-46925","post","type-post","status-publish","format-standard","has-post-thumbnail","hentry","category-xalapa"],"jetpack_featured_media_url":"https:\/\/encuentroinformativo.com.mx\/wp-content\/uploads\/2023\/10\/IMG_9202.jpg","jetpack_sharing_enabled":true,"jetpack_likes_enabled":true,"amp_enabled":true,"_links":{"self":[{"href":"https:\/\/encuentroinformativo.com.mx\/index.php?rest_route=\/wp\/v2\/posts\/46925","targetHints":{"allow":["GET"]}}],"collection":[{"href":"https:\/\/encuentroinformativo.com.mx\/index.php?rest_route=\/wp\/v2\/posts"}],"about":[{"href":"https:\/\/encuentroinformativo.com.mx\/index.php?rest_route=\/wp\/v2\/types\/post"}],"author":[{"embeddable":true,"href":"https:\/\/encuentroinformativo.com.mx\/index.php?rest_route=\/wp\/v2\/users\/2476"}],"replies":[{"embeddable":true,"href":"https:\/\/encuentroinformativo.com.mx\/index.php?rest_route=%2Fwp%2Fv2%2Fcomments&post=46925"}],"version-history":[{"count":1,"href":"https:\/\/encuentroinformativo.com.mx\/index.php?rest_route=\/wp\/v2\/posts\/46925\/revisions"}],"predecessor-version":[{"id":46928,"href":"https:\/\/encuentroinformativo.com.mx\/index.php?rest_route=\/wp\/v2\/posts\/46925\/revisions\/46928"}],"wp:featuredmedia":[{"embeddable":true,"href":"https:\/\/encuentroinformativo.com.mx\/index.php?rest_route=\/wp\/v2\/media\/46926"}],"wp:attachment":[{"href":"https:\/\/encuentroinformativo.com.mx\/index.php?rest_route=%2Fwp%2Fv2%2Fmedia&parent=46925"}],"wp:term":[{"taxonomy":"category","embeddable":true,"href":"https:\/\/encuentroinformativo.com.mx\/index.php?rest_route=%2Fwp%2Fv2%2Fcategories&post=46925"},{"taxonomy":"post_tag","embeddable":true,"href":"https:\/\/encuentroinformativo.com.mx\/index.php?rest_route=%2Fwp%2Fv2%2Ftags&post=46925"}],"curies":[{"name":"wp","href":"https:\/\/api.w.org\/{rel}","templated":true}]}}