{"id":46931,"date":"2023-10-27T14:50:20","date_gmt":"2023-10-27T20:50:20","guid":{"rendered":"https:\/\/encuentroinformativo.com.mx\/?p=46931"},"modified":"2023-10-27T14:50:21","modified_gmt":"2023-10-27T20:50:21","slug":"aumenta-en-60-abandono-animal-en-region-de-xalapa","status":"publish","type":"post","link":"https:\/\/encuentroinformativo.com.mx\/?p=46931","title":{"rendered":"Aumenta en 60% abandono animal en regi\u00f3n de Xalapa"},"content":{"rendered":"\n<p><strong>Juan Arcos <\/strong><\/p>\n\n\n\n<p>Xalapa, Ver.- El abandono animal aument\u00f3 m\u00e1s del 60 por ciento en la ciudad de Xalapa y otros municipios de la regi\u00f3n capital de Veracruz durante este 2023.<\/p>\n\n\n\n<p>As\u00ed lo dio a conocer la animalista Azul Fern\u00e1ndez, encargada del albergue Ada Azul, ubicado en la Reserva Territorial de Xalapa, donde en este momento hay 400 animales refugiados: 360 perros y 40 gatos.<\/p>\n\n\n\n<p>La activista mencion\u00f3 que algunas familias que adoptaron animales durante la pandemia por coronavirus est\u00e1n regres\u00e1ndolos al albergue, bajo el argumento de que ya no pueden hacerse cargo de ellos.<\/p>\n\n\n\n<p>\u201cMucha gente que hab\u00eda adoptado en los tres a\u00f1os de pandemia los est\u00e1 devolviendo, porque entraron a trabajar y ya no pueden cuidarlos, fueron s\u00f3lo dos a\u00f1os de pr\u00e9stamo\u201d, expres\u00f3.<\/p>\n\n\n\n<p>La entrevistada enfatiz\u00f3 que la poblaci\u00f3n carece de una cultura para el bienestar animal y adem\u00e1s es notoria la falta de responsabilidad por parte de algunos ciudadanos.<\/p>\n\n\n\n<p>\u201cEntonces vemos un mayor n\u00famero de perros callejeros. La gente dice: te lo devuelvo porque ya no puedo estar aqu\u00ed, debo trabajar en otra parte, pero los abandonan nuevamente\u201d.<\/p>\n\n\n\n<p><strong>REUBICAR\u00c1N ALBERGUE<\/strong><\/p>\n\n\n\n<p>Los perros de la raza pitbull son los m\u00e1s abandonados por la poblaci\u00f3n, debido a su temperamento. En el albergue Ada Azul hay al menos 80 canes de esta raza que han sido rescatados.<\/p>\n\n\n\n<p>Azul Fern\u00e1ndez dio a conocer que en breve ser\u00e1 reubicado el albergue Ada Azul, mismo que se localiza actualmente sobre la avenida Arco Sur, a un costado de las instalaciones del Poder Judicial de la Federaci\u00f3n.<\/p>\n\n\n\n<p>Indic\u00f3 que el terreno se lo hab\u00edan prestado, pero reci\u00e9n fue comercializado y por ello tendr\u00e1n que desalojarlo. Afortunadamente los animales no quedar\u00edan desamparados, pues ya se consigui\u00f3 un nuevo espacio que se encuentra en la parte trasera de las oficinas centrales de la Fiscal\u00eda General del Estado (FGE).<\/p>\n","protected":false},"excerpt":{"rendered":"<p>Juan Arcos Xalapa, Ver.- El abandono animal aument\u00f3 m\u00e1s del 60 por ciento en la ciudad de Xalapa y otros municipios de la regi\u00f3n capital de Veracruz durante este 2023. As\u00ed lo dio a conocer la animalista Azul Fern\u00e1ndez, encargada del albergue Ada Azul, ubicado en la Reserva Territorial de Xalapa, donde en este momento [&hellip;]<\/p>\n","protected":false},"author":2476,"featured_media":46932,"comment_status":"open","ping_status":"open","sticky":false,"template":"","format":"standard","meta":{"_jetpack_memberships_contains_paid_content":false,"footnotes":""},"categories":[3],"tags":[],"class_list":["post-46931","post","type-post","status-publish","format-standard","has-post-thumbnail","hentry","category-xalapa"],"jetpack_featured_media_url":"https:\/\/encuentroinformativo.com.mx\/wp-content\/uploads\/2023\/10\/IMG_1241.jpg","jetpack_sharing_enabled":true,"jetpack_likes_enabled":true,"amp_enabled":true,"_links":{"self":[{"href":"https:\/\/encuentroinformativo.com.mx\/index.php?rest_route=\/wp\/v2\/posts\/46931","targetHints":{"allow":["GET"]}}],"collection":[{"href":"https:\/\/encuentroinformativo.com.mx\/index.php?rest_route=\/wp\/v2\/posts"}],"about":[{"href":"https:\/\/encuentroinformativo.com.mx\/index.php?rest_route=\/wp\/v2\/types\/post"}],"author":[{"embeddable":true,"href":"https:\/\/encuentroinformativo.com.mx\/index.php?rest_route=\/wp\/v2\/users\/2476"}],"replies":[{"embeddable":true,"href":"https:\/\/encuentroinformativo.com.mx\/index.php?rest_route=%2Fwp%2Fv2%2Fcomments&post=46931"}],"version-history":[{"count":1,"href":"https:\/\/encuentroinformativo.com.mx\/index.php?rest_route=\/wp\/v2\/posts\/46931\/revisions"}],"predecessor-version":[{"id":46933,"href":"https:\/\/encuentroinformativo.com.mx\/index.php?rest_route=\/wp\/v2\/posts\/46931\/revisions\/46933"}],"wp:featuredmedia":[{"embeddable":true,"href":"https:\/\/encuentroinformativo.com.mx\/index.php?rest_route=\/wp\/v2\/media\/46932"}],"wp:attachment":[{"href":"https:\/\/encuentroinformativo.com.mx\/index.php?rest_route=%2Fwp%2Fv2%2Fmedia&parent=46931"}],"wp:term":[{"taxonomy":"category","embeddable":true,"href":"https:\/\/encuentroinformativo.com.mx\/index.php?rest_route=%2Fwp%2Fv2%2Fcategories&post=46931"},{"taxonomy":"post_tag","embeddable":true,"href":"https:\/\/encuentroinformativo.com.mx\/index.php?rest_route=%2Fwp%2Fv2%2Ftags&post=46931"}],"curies":[{"name":"wp","href":"https:\/\/api.w.org\/{rel}","templated":true}]}}