{"id":46934,"date":"2023-10-27T18:40:46","date_gmt":"2023-10-28T00:40:46","guid":{"rendered":"https:\/\/encuentroinformativo.com.mx\/?p=46934"},"modified":"2023-10-27T18:40:46","modified_gmt":"2023-10-28T00:40:46","slug":"apoyara-gobierno-a-localizar-a-veracruzanos-en-guerrero","status":"publish","type":"post","link":"https:\/\/encuentroinformativo.com.mx\/?p=46934","title":{"rendered":"Apoyar\u00e1 gobierno a localizar a veracruzanos en Guerrero"},"content":{"rendered":"\n<p><strong>Dar\u00edo Pale <\/strong><\/p>\n\n\n\n<p>Xalapa, Ver.- El Gobierno de Veracruz ofrece apoyo para localizar a veracruzanos desaparecidos en Guerrero, esto tras el paso del hurac\u00e1n Otis, por lo cual el subsecretario de Gobierno, Yahir Ademar Dom\u00ednguez, para que a trav\u00e9s de dicha dependencia se pueda hacer la gesti\u00f3n de b\u00fasqueda.<\/p>\n\n\n\n<p>En entrevista, explic\u00f3 que hay veracruzanos que por distintos motivos han tenido que migrar a Guerrero, particularmente en el puerto de Acapulco.<\/p>\n\n\n\n<p>&#8220;Hasta el momento es imposible tener una cifra de veracruzanos que se encuentran en Guerrero porque no hay un registro de cuando un veracruzano o de alg\u00fan otro estado entra, pero s\u00ed estamos activando este mecanismo para poder ayudar a encontrar a las familias&#8221;, se\u00f1al\u00f3.<\/p>\n\n\n\n<p>Puntualiz\u00f3 que a trav\u00e9s del tel\u00e9fono \u202a2288120738\u202c, de la direcci\u00f3n de Atenci\u00f3n a Migrantes se pueden comunicar para pedir el apoyo al gobierno de Guerrero.<\/p>\n\n\n\n<p>Aclar\u00f3 que derivado del impacto del meteoro no hay energ\u00eda el\u00e9ctrica ni otros servicios b\u00e1sicos, por lo que ser\u00e1 complicada y lenta la localizaci\u00f3n de las personas.<\/p>\n\n\n\n<p>Finalmente lament\u00f3 lo ocurrido en Guerrero tras el impacto del hurac\u00e1n Otis y se solidariz\u00f3 con la gente tras la p\u00e9rdida de vidas humanas.<\/p>\n","protected":false},"excerpt":{"rendered":"<p>Dar\u00edo Pale Xalapa, Ver.- El Gobierno de Veracruz ofrece apoyo para localizar a veracruzanos desaparecidos en Guerrero, esto tras el paso del hurac\u00e1n Otis, por lo cual el subsecretario de Gobierno, Yahir Ademar Dom\u00ednguez, para que a trav\u00e9s de dicha dependencia se pueda hacer la gesti\u00f3n de b\u00fasqueda. En entrevista, explic\u00f3 que hay veracruzanos que [&hellip;]<\/p>\n","protected":false},"author":2476,"featured_media":46935,"comment_status":"open","ping_status":"open","sticky":false,"template":"","format":"standard","meta":{"_jetpack_memberships_contains_paid_content":false,"footnotes":""},"categories":[2],"tags":[],"class_list":["post-46934","post","type-post","status-publish","format-standard","has-post-thumbnail","hentry","category-estado"],"jetpack_featured_media_url":"https:\/\/encuentroinformativo.com.mx\/wp-content\/uploads\/2023\/10\/IMG-20231024-WA0059-1.jpg","jetpack_sharing_enabled":true,"jetpack_likes_enabled":true,"amp_enabled":true,"_links":{"self":[{"href":"https:\/\/encuentroinformativo.com.mx\/index.php?rest_route=\/wp\/v2\/posts\/46934","targetHints":{"allow":["GET"]}}],"collection":[{"href":"https:\/\/encuentroinformativo.com.mx\/index.php?rest_route=\/wp\/v2\/posts"}],"about":[{"href":"https:\/\/encuentroinformativo.com.mx\/index.php?rest_route=\/wp\/v2\/types\/post"}],"author":[{"embeddable":true,"href":"https:\/\/encuentroinformativo.com.mx\/index.php?rest_route=\/wp\/v2\/users\/2476"}],"replies":[{"embeddable":true,"href":"https:\/\/encuentroinformativo.com.mx\/index.php?rest_route=%2Fwp%2Fv2%2Fcomments&post=46934"}],"version-history":[{"count":1,"href":"https:\/\/encuentroinformativo.com.mx\/index.php?rest_route=\/wp\/v2\/posts\/46934\/revisions"}],"predecessor-version":[{"id":46936,"href":"https:\/\/encuentroinformativo.com.mx\/index.php?rest_route=\/wp\/v2\/posts\/46934\/revisions\/46936"}],"wp:featuredmedia":[{"embeddable":true,"href":"https:\/\/encuentroinformativo.com.mx\/index.php?rest_route=\/wp\/v2\/media\/46935"}],"wp:attachment":[{"href":"https:\/\/encuentroinformativo.com.mx\/index.php?rest_route=%2Fwp%2Fv2%2Fmedia&parent=46934"}],"wp:term":[{"taxonomy":"category","embeddable":true,"href":"https:\/\/encuentroinformativo.com.mx\/index.php?rest_route=%2Fwp%2Fv2%2Fcategories&post=46934"},{"taxonomy":"post_tag","embeddable":true,"href":"https:\/\/encuentroinformativo.com.mx\/index.php?rest_route=%2Fwp%2Fv2%2Ftags&post=46934"}],"curies":[{"name":"wp","href":"https:\/\/api.w.org\/{rel}","templated":true}]}}