{"id":46937,"date":"2023-10-27T21:20:34","date_gmt":"2023-10-28T03:20:34","guid":{"rendered":"https:\/\/encuentroinformativo.com.mx\/?p=46937"},"modified":"2023-10-27T21:20:35","modified_gmt":"2023-10-28T03:20:35","slug":"con-exposicion-celebran-100-anos-de-el-castillo","status":"publish","type":"post","link":"https:\/\/encuentroinformativo.com.mx\/?p=46937","title":{"rendered":"Con exposici\u00f3n, celebran 100 a\u00f1os de El Castillo"},"content":{"rendered":"\n<p>Xalapa, Ver.- Para celebrar los 100 a\u00f1os de El Castillo, el presidente municipal Ricardo Ahued Bardahuil devel\u00f3 una placa conmemorativa por este hecho y ofreci\u00f3 todo el apoyo de la Administraci\u00f3n para impulsar el desarrollo de la comunidad.<\/p>\n\n\n\n<p>Durante la visita a la congregaci\u00f3n, el Edil recorri\u00f3 una exposici\u00f3n en el Sal\u00f3n Ejidal, la cual est\u00e1 conformada por fotograf\u00edas hist\u00f3ricas de El Castillo, im\u00e1genes de aves y paisajes de la laguna, as\u00ed como pinturas y esculturas de artistas locales.<\/p>\n\n\n\n<p>En la exposici\u00f3n tambi\u00e9n se aprecia una muestra de materiales e implementos empleados en la elaboraci\u00f3n del tabique, y utensilios propios de la alfarer\u00eda utilitaria y la cocina de la comunidad.<\/p>\n\n\n\n<p>Asistieron la regidora Mar\u00eda Guadalupe M\u00e1rquez Leonardo, el regidor Antonio Ballesteros Grayeb, la diputada Ana Miriam Ferr\u00e1ez Centeno, el agente municipal \u00d3scar Luna, as\u00ed como personal y alumnado de la telesecundaria \u201cJos\u00e9 Vasconcelos\u201d, el jard\u00edn de ni\u00f1os \u201cJosefina Ramos\u201d, funcionariado municipal y autoridades ejidales.<\/p>\n\n\n\n<figure class=\"wp-block-image size-large\"><img loading=\"lazy\" decoding=\"async\" width=\"1024\" height=\"683\" src=\"https:\/\/encuentroinformativo.com.mx\/wp-content\/uploads\/2023\/10\/IMG-20231027-WA0078-1024x683.jpg\" alt=\"\" class=\"wp-image-46939\" srcset=\"https:\/\/encuentroinformativo.com.mx\/wp-content\/uploads\/2023\/10\/IMG-20231027-WA0078-1024x683.jpg 1024w, https:\/\/encuentroinformativo.com.mx\/wp-content\/uploads\/2023\/10\/IMG-20231027-WA0078-300x200.jpg 300w, https:\/\/encuentroinformativo.com.mx\/wp-content\/uploads\/2023\/10\/IMG-20231027-WA0078-768x512.jpg 768w, https:\/\/encuentroinformativo.com.mx\/wp-content\/uploads\/2023\/10\/IMG-20231027-WA0078.jpg 1280w\" sizes=\"auto, (max-width: 1024px) 100vw, 1024px\" \/><\/figure>\n","protected":false},"excerpt":{"rendered":"<p>Xalapa, Ver.- Para celebrar los 100 a\u00f1os de El Castillo, el presidente municipal Ricardo Ahued Bardahuil devel\u00f3 una placa conmemorativa por este hecho y ofreci\u00f3 todo el apoyo de la Administraci\u00f3n para impulsar el desarrollo de la comunidad. Durante la visita a la congregaci\u00f3n, el Edil recorri\u00f3 una exposici\u00f3n en el Sal\u00f3n Ejidal, la cual [&hellip;]<\/p>\n","protected":false},"author":2476,"featured_media":46938,"comment_status":"open","ping_status":"open","sticky":false,"template":"","format":"standard","meta":{"_jetpack_memberships_contains_paid_content":false,"footnotes":""},"categories":[3],"tags":[],"class_list":["post-46937","post","type-post","status-publish","format-standard","has-post-thumbnail","hentry","category-xalapa"],"jetpack_featured_media_url":"https:\/\/encuentroinformativo.com.mx\/wp-content\/uploads\/2023\/10\/IMG-20231027-WA00772.jpg","jetpack_sharing_enabled":true,"jetpack_likes_enabled":true,"amp_enabled":true,"_links":{"self":[{"href":"https:\/\/encuentroinformativo.com.mx\/index.php?rest_route=\/wp\/v2\/posts\/46937","targetHints":{"allow":["GET"]}}],"collection":[{"href":"https:\/\/encuentroinformativo.com.mx\/index.php?rest_route=\/wp\/v2\/posts"}],"about":[{"href":"https:\/\/encuentroinformativo.com.mx\/index.php?rest_route=\/wp\/v2\/types\/post"}],"author":[{"embeddable":true,"href":"https:\/\/encuentroinformativo.com.mx\/index.php?rest_route=\/wp\/v2\/users\/2476"}],"replies":[{"embeddable":true,"href":"https:\/\/encuentroinformativo.com.mx\/index.php?rest_route=%2Fwp%2Fv2%2Fcomments&post=46937"}],"version-history":[{"count":1,"href":"https:\/\/encuentroinformativo.com.mx\/index.php?rest_route=\/wp\/v2\/posts\/46937\/revisions"}],"predecessor-version":[{"id":46940,"href":"https:\/\/encuentroinformativo.com.mx\/index.php?rest_route=\/wp\/v2\/posts\/46937\/revisions\/46940"}],"wp:featuredmedia":[{"embeddable":true,"href":"https:\/\/encuentroinformativo.com.mx\/index.php?rest_route=\/wp\/v2\/media\/46938"}],"wp:attachment":[{"href":"https:\/\/encuentroinformativo.com.mx\/index.php?rest_route=%2Fwp%2Fv2%2Fmedia&parent=46937"}],"wp:term":[{"taxonomy":"category","embeddable":true,"href":"https:\/\/encuentroinformativo.com.mx\/index.php?rest_route=%2Fwp%2Fv2%2Fcategories&post=46937"},{"taxonomy":"post_tag","embeddable":true,"href":"https:\/\/encuentroinformativo.com.mx\/index.php?rest_route=%2Fwp%2Fv2%2Ftags&post=46937"}],"curies":[{"name":"wp","href":"https:\/\/api.w.org\/{rel}","templated":true}]}}