{"id":46944,"date":"2023-10-28T16:06:49","date_gmt":"2023-10-28T22:06:49","guid":{"rendered":"https:\/\/encuentroinformativo.com.mx\/?p=46944"},"modified":"2023-10-28T16:06:50","modified_gmt":"2023-10-28T22:06:50","slug":"use-rutas-alternas-fin-de-semana-de-desfiles-de-catrinas","status":"publish","type":"post","link":"https:\/\/encuentroinformativo.com.mx\/?p=46944","title":{"rendered":"\u00a1Use rutas alternas!, fin de semana de desfiles de catrinas"},"content":{"rendered":"\n<p><strong>Dar\u00edo Pale <\/strong><\/p>\n\n\n\n<p>Xalapa, Ver.- Fin de semana de caos vial por desfiles de catrinas, en Xalapa una el d\u00eda de hoy por parte del gobierno del estado donde habr\u00e1 varios cierres de calles en el centro de la capital y otro el domingo sobre circuito presidentes.<\/p>\n\n\n\n<p>Durante este fin de semana se llevar\u00e1n a cabo dos desfiles de catrinas en esta capital, uno de ellos, el que encabezar\u00e1 el gobernador Cuitl\u00e1huac Garc\u00eda Jim\u00e9nez, motivar\u00e1 al menos 34 cortes a la circulaci\u00f3n en las principales calles de la capital.<\/p>\n\n\n\n<p>El desfile de Catrinas de Ne\u00f3n iniciar\u00e1 a las 18:00 horas, en este se prev\u00e9 la participaci\u00f3n de muchos trabajadores de diversas dependencias, pero los cortes comenzar\u00e1n desde las 16:00 horas.<\/p>\n\n\n\n<p>A la par del desfile, est\u00e1n previstas otras actividades en la plaza Lerdo y el parque Ju\u00e1rez, por lo que habr\u00e1 una importante afluencia de paseantes.<\/p>\n\n\n\n<p>Para este desfile el gobernador Cuitl\u00e1huac Garc\u00eda Jim\u00e9nez, invit\u00f3 a los xalape\u00f1os a participar, \u00a1Estamos listos! Nos vemos por la tarde en el centro de Xalapa en el Desfile de Catrinas Ne\u00f3n, invit\u00f3 a trav\u00e9s de sus redes sociales, esta es la cuarta edici\u00f3n de este evento, por el que habr\u00e1 al menos 34 cierres viales.<\/p>\n\n\n\n<p>Cabe mencionar que ser\u00e1 un programa que durar\u00e1 desde este s\u00e1bado y hasta el 2 de noviembre, en el que se incluyen diversas actividades en la plaza Lerdo, Quinta de las Rosas y parque Ju\u00e1rez.<\/p>\n\n\n\n<p>El otro desfile es el que se llevar\u00e1 a cabo el domingo 29 de octubre a partir de las 18:00 horas en el Circuito Presidentes, importante v\u00eda de comunicaci\u00f3n hacia varias partes de la ciudad, as\u00ed como municipios cercanos como Coatepec.<\/p>\n","protected":false},"excerpt":{"rendered":"<p>Dar\u00edo Pale Xalapa, Ver.- Fin de semana de caos vial por desfiles de catrinas, en Xalapa una el d\u00eda de hoy por parte del gobierno del estado donde habr\u00e1 varios cierres de calles en el centro de la capital y otro el domingo sobre circuito presidentes. Durante este fin de semana se llevar\u00e1n a cabo [&hellip;]<\/p>\n","protected":false},"author":2476,"featured_media":46945,"comment_status":"open","ping_status":"open","sticky":false,"template":"","format":"standard","meta":{"_jetpack_memberships_contains_paid_content":false,"footnotes":""},"categories":[3],"tags":[],"class_list":["post-46944","post","type-post","status-publish","format-standard","has-post-thumbnail","hentry","category-xalapa"],"jetpack_featured_media_url":"https:\/\/encuentroinformativo.com.mx\/wp-content\/uploads\/2023\/10\/IMG-20231028-WA0031.jpg","jetpack_sharing_enabled":true,"jetpack_likes_enabled":true,"amp_enabled":true,"_links":{"self":[{"href":"https:\/\/encuentroinformativo.com.mx\/index.php?rest_route=\/wp\/v2\/posts\/46944","targetHints":{"allow":["GET"]}}],"collection":[{"href":"https:\/\/encuentroinformativo.com.mx\/index.php?rest_route=\/wp\/v2\/posts"}],"about":[{"href":"https:\/\/encuentroinformativo.com.mx\/index.php?rest_route=\/wp\/v2\/types\/post"}],"author":[{"embeddable":true,"href":"https:\/\/encuentroinformativo.com.mx\/index.php?rest_route=\/wp\/v2\/users\/2476"}],"replies":[{"embeddable":true,"href":"https:\/\/encuentroinformativo.com.mx\/index.php?rest_route=%2Fwp%2Fv2%2Fcomments&post=46944"}],"version-history":[{"count":1,"href":"https:\/\/encuentroinformativo.com.mx\/index.php?rest_route=\/wp\/v2\/posts\/46944\/revisions"}],"predecessor-version":[{"id":46946,"href":"https:\/\/encuentroinformativo.com.mx\/index.php?rest_route=\/wp\/v2\/posts\/46944\/revisions\/46946"}],"wp:featuredmedia":[{"embeddable":true,"href":"https:\/\/encuentroinformativo.com.mx\/index.php?rest_route=\/wp\/v2\/media\/46945"}],"wp:attachment":[{"href":"https:\/\/encuentroinformativo.com.mx\/index.php?rest_route=%2Fwp%2Fv2%2Fmedia&parent=46944"}],"wp:term":[{"taxonomy":"category","embeddable":true,"href":"https:\/\/encuentroinformativo.com.mx\/index.php?rest_route=%2Fwp%2Fv2%2Fcategories&post=46944"},{"taxonomy":"post_tag","embeddable":true,"href":"https:\/\/encuentroinformativo.com.mx\/index.php?rest_route=%2Fwp%2Fv2%2Ftags&post=46944"}],"curies":[{"name":"wp","href":"https:\/\/api.w.org\/{rel}","templated":true}]}}