{"id":46958,"date":"2023-10-29T14:53:09","date_gmt":"2023-10-29T20:53:09","guid":{"rendered":"https:\/\/encuentroinformativo.com.mx\/?p=46958"},"modified":"2023-10-29T14:53:10","modified_gmt":"2023-10-29T20:53:10","slug":"gobierno-municipal-de-boca-del-rio-se-prepara-ante-la-llegada-del-frente-frio-8","status":"publish","type":"post","link":"https:\/\/encuentroinformativo.com.mx\/?p=46958","title":{"rendered":"Gobierno Municipal de Boca del R\u00edo se prepara ante la llegada del Frente Fr\u00edo 8"},"content":{"rendered":"\n<p><strong>*<em>Se prev\u00e9 un evento de norte a partir de este lunes por la tarde y hasta el mi\u00e9rcoles con vientos sostenidos de 60 a 70 kil\u00f3metros por hora con posibles rachas entre los 90 y 110 kil\u00f3metros por hora<\/em>.<\/strong><\/p>\n\n\n\n<p>Boca del R\u00edo, Ver.- El Alcalde de Boca del R\u00edo, Juan Manuel Un\u00e1nue Abascal, ha implementado un operativo preventivo ante el alertamiento emitido por la autoridad estatal por la llegada del Frente Fr\u00edo 8 y sus efectos en el municipio.<\/p>\n\n\n\n<p>Dando seguimiento a la Alerta Gris, se prev\u00e9 un evento de norte a partir de este lunes por la tarde y hasta el mi\u00e9rcoles con vientos sostenidos de 60 a 70 kil\u00f3metros por hora con posibles rachas entre los 90 y 110 kil\u00f3metros por hora.<\/p>\n\n\n\n<p>Por ello, ya se encuentran en alerta las \u00e1reas operativas como es el caso de la Direcci\u00f3n de Protecci\u00f3n Civil Municipal, Gobernaci\u00f3n, Tr\u00e1nsito Municipal, Limpia P\u00fablica, Alumbrado P\u00fablico, Polic\u00eda Municipal, Obras P\u00fablicas, Direcci\u00f3n de Mantenimiento Urbano y Comercio.<\/p>\n\n\n\n<p>Por lo tanto, Un\u00e1nue Abascal hace un exhorto a los boque\u00f1os a seguir las recomendaciones que emite la autoridad municipal, pues con ello se disminuyen los riesgos ante las fuertes rachas de viento que se presentar\u00e1n en los pr\u00f3ximos d\u00edas.<\/p>\n\n\n\n<p><em>Recomendaciones:<\/em><br>-Se recomienda la suspensi\u00f3n de trabajos al aire libre, en alturas, sobre escaleras, andamios u otros.<br>-Previo al evento de norte, limpia y desrama \u00e1rboles pr\u00f3ximos a las casas, utilizando equipo de protecci\u00f3n personal adecuado.<br>-Tapa y asegura materiales como arena, grava, escombros acumulados, madera, etc, pues con la fuerza del viento pueden convertirse en proyectiles.<br>-Al\u00e9jate de espectaculares, letreros y \u00e1rboles que pueden caerse con el viento.<br>-Se recomienda recoger la basura que sea generada en la obra para evitar que sea esparcida por el aire y ocasione da\u00f1os.<br>-Asegura puertas, toldos, ventanas, paneles solares, decoraciones, botes de basura, ventanales, tinacos vac\u00edos y otros recipientes vac\u00edos que no est\u00e9n sujetos.<br>-No enciendas fogatas, el viento puede iniciar o extender incendios.<br>-Evita salir de casa y si es necesario o urgente salir de ella, pon atenci\u00f3n alrededor para evitar posibles riesgos.<br>-Recuerda resguardar a tus mascotas en un lugar seguro.<\/p>\n\n\n\n<p>Para cualquier caso de urgencia, est\u00e1n a disposici\u00f3n los siguientes n\u00fameros: el 911 o los tel\u00e9fonos de Protecci\u00f3n Civil de Boca del R\u00edo 9 86 23 23 o al 2 02 22 22 extensi\u00f3n 3000.<\/p>\n\n\n\n<figure class=\"wp-block-image size-large\"><img loading=\"lazy\" decoding=\"async\" width=\"1024\" height=\"1024\" src=\"https:\/\/encuentroinformativo.com.mx\/wp-content\/uploads\/2023\/10\/IMG-20231029-WA0017-1024x1024.jpg\" alt=\"\" class=\"wp-image-46960\" srcset=\"https:\/\/encuentroinformativo.com.mx\/wp-content\/uploads\/2023\/10\/IMG-20231029-WA0017-1024x1024.jpg 1024w, https:\/\/encuentroinformativo.com.mx\/wp-content\/uploads\/2023\/10\/IMG-20231029-WA0017-300x300.jpg 300w, https:\/\/encuentroinformativo.com.mx\/wp-content\/uploads\/2023\/10\/IMG-20231029-WA0017-150x150.jpg 150w, https:\/\/encuentroinformativo.com.mx\/wp-content\/uploads\/2023\/10\/IMG-20231029-WA0017-768x768.jpg 768w, https:\/\/encuentroinformativo.com.mx\/wp-content\/uploads\/2023\/10\/IMG-20231029-WA0017-1536x1536.jpg 1536w, https:\/\/encuentroinformativo.com.mx\/wp-content\/uploads\/2023\/10\/IMG-20231029-WA0017.jpg 1600w\" sizes=\"auto, (max-width: 1024px) 100vw, 1024px\" \/><\/figure>\n","protected":false},"excerpt":{"rendered":"<p>*Se prev\u00e9 un evento de norte a partir de este lunes por la tarde y hasta el mi\u00e9rcoles con vientos sostenidos de 60 a 70 kil\u00f3metros por hora con posibles rachas entre los 90 y 110 kil\u00f3metros por hora. Boca del R\u00edo, Ver.- El Alcalde de Boca del R\u00edo, Juan Manuel Un\u00e1nue Abascal, ha implementado [&hellip;]<\/p>\n","protected":false},"author":2476,"featured_media":46959,"comment_status":"open","ping_status":"open","sticky":false,"template":"","format":"standard","meta":{"_jetpack_memberships_contains_paid_content":false,"footnotes":""},"categories":[2],"tags":[],"class_list":["post-46958","post","type-post","status-publish","format-standard","has-post-thumbnail","hentry","category-estado"],"jetpack_featured_media_url":"https:\/\/encuentroinformativo.com.mx\/wp-content\/uploads\/2023\/10\/IMG-20231029-WA0018.jpg","jetpack_sharing_enabled":true,"jetpack_likes_enabled":true,"amp_enabled":true,"_links":{"self":[{"href":"https:\/\/encuentroinformativo.com.mx\/index.php?rest_route=\/wp\/v2\/posts\/46958","targetHints":{"allow":["GET"]}}],"collection":[{"href":"https:\/\/encuentroinformativo.com.mx\/index.php?rest_route=\/wp\/v2\/posts"}],"about":[{"href":"https:\/\/encuentroinformativo.com.mx\/index.php?rest_route=\/wp\/v2\/types\/post"}],"author":[{"embeddable":true,"href":"https:\/\/encuentroinformativo.com.mx\/index.php?rest_route=\/wp\/v2\/users\/2476"}],"replies":[{"embeddable":true,"href":"https:\/\/encuentroinformativo.com.mx\/index.php?rest_route=%2Fwp%2Fv2%2Fcomments&post=46958"}],"version-history":[{"count":1,"href":"https:\/\/encuentroinformativo.com.mx\/index.php?rest_route=\/wp\/v2\/posts\/46958\/revisions"}],"predecessor-version":[{"id":46961,"href":"https:\/\/encuentroinformativo.com.mx\/index.php?rest_route=\/wp\/v2\/posts\/46958\/revisions\/46961"}],"wp:featuredmedia":[{"embeddable":true,"href":"https:\/\/encuentroinformativo.com.mx\/index.php?rest_route=\/wp\/v2\/media\/46959"}],"wp:attachment":[{"href":"https:\/\/encuentroinformativo.com.mx\/index.php?rest_route=%2Fwp%2Fv2%2Fmedia&parent=46958"}],"wp:term":[{"taxonomy":"category","embeddable":true,"href":"https:\/\/encuentroinformativo.com.mx\/index.php?rest_route=%2Fwp%2Fv2%2Fcategories&post=46958"},{"taxonomy":"post_tag","embeddable":true,"href":"https:\/\/encuentroinformativo.com.mx\/index.php?rest_route=%2Fwp%2Fv2%2Ftags&post=46958"}],"curies":[{"name":"wp","href":"https:\/\/api.w.org\/{rel}","templated":true}]}}