{"id":46971,"date":"2023-10-30T10:55:29","date_gmt":"2023-10-30T16:55:29","guid":{"rendered":"https:\/\/encuentroinformativo.com.mx\/?p=46971"},"modified":"2023-10-30T10:55:30","modified_gmt":"2023-10-30T16:55:30","slug":"acusan-arbitrariedad-de-funcionarios-de-bienestar-en-manlio-fabio-altamirano","status":"publish","type":"post","link":"https:\/\/encuentroinformativo.com.mx\/?p=46971","title":{"rendered":"Acusan arbitrariedad de funcionarios de Bienestar en Manlio Fabio Altamirano"},"content":{"rendered":"\n<p><strong>Alejandro \u00c1vila<\/strong><\/p>\n\n\n\n<p>Manlio Fabio Altamirano, Ver.- Beneficiarios del programa Bienestar en Manlio Fabio Altamirano denunciaron prepotencia y malos tratos de los que fueron objetos cuando acudieron a recoger su credencial.<\/p>\n\n\n\n<p>Mayra Salda\u00f1a Pegueros y Sergio Ahumada Silva, se\u00f1alaron que en tiempo y forma entregaron sus documentos para posteriormente ser beneficiados con la credencial del programa federal; sin embargo, al momento de ir a recogerla los funcionarios a cargo se portaron d\u00e9spotas y prepotentes.<\/p>\n\n\n\n<p>&#8220;Yo ya entregu\u00e9 todos mis papeles, me aceptaron en el programa, tengo la cintilla de pago que van a dar, mi tarjeta lleg\u00f3 a Purga ya, est\u00e1 all\u00e1, pero Gonzalo Arrieta no me la quiere dar, o sea que es lo que pasa, por qu\u00e9 no quieren aceptarme en el programa, yo ya tengo todos mis papeles, de mi est\u00f3mago, de todo, yo ya no puedo trabajar para nada. En realidad necesito el programa porque no tengo donde vivir, donde comer, no tengo nada&#8221;, dijo Don Sergio.<\/p>\n\n\n\n<p>Por su parte, Mayra Salda\u00f1a, se\u00f1al\u00f3 &#8221; las personas se carg\u00f3 se portaron prepotentes, me hicieron sentir indignada, mal, y realmente son personas que les queda grande el cargo, son personas que no tienen empat\u00eda con la gente, no tienen nada, no saben nada de organizaci\u00f3n, esto ha pasado con mucha gente, lo pude ver y habemos m\u00e1s gente que hemos necesitado y estas personas simplemente nos hacen a un lado&#8221;.<\/p>\n\n\n\n<p>Es por ello que estos dos beneficiarios alzaron la voz en nombre de todos los ciudadanos de Manio Fabio Altamirano que han sido objeto de arbitrariedades por parte de los funcionarios, y piden que los encargados a nivel estatal supervisen lo que est\u00e1 sucediendo en el municipio de Manlio Fabio Altamirano.<\/p>\n","protected":false},"excerpt":{"rendered":"<p>Alejandro \u00c1vila Manlio Fabio Altamirano, Ver.- Beneficiarios del programa Bienestar en Manlio Fabio Altamirano denunciaron prepotencia y malos tratos de los que fueron objetos cuando acudieron a recoger su credencial. Mayra Salda\u00f1a Pegueros y Sergio Ahumada Silva, se\u00f1alaron que en tiempo y forma entregaron sus documentos para posteriormente ser beneficiados con la credencial del programa [&hellip;]<\/p>\n","protected":false},"author":2476,"featured_media":46972,"comment_status":"open","ping_status":"open","sticky":false,"template":"","format":"standard","meta":{"_jetpack_memberships_contains_paid_content":false,"footnotes":""},"categories":[2],"tags":[],"class_list":["post-46971","post","type-post","status-publish","format-standard","has-post-thumbnail","hentry","category-estado"],"jetpack_featured_media_url":"https:\/\/encuentroinformativo.com.mx\/wp-content\/uploads\/2023\/10\/IMG-20231030-WA0009.jpg","jetpack_sharing_enabled":true,"jetpack_likes_enabled":true,"amp_enabled":true,"_links":{"self":[{"href":"https:\/\/encuentroinformativo.com.mx\/index.php?rest_route=\/wp\/v2\/posts\/46971","targetHints":{"allow":["GET"]}}],"collection":[{"href":"https:\/\/encuentroinformativo.com.mx\/index.php?rest_route=\/wp\/v2\/posts"}],"about":[{"href":"https:\/\/encuentroinformativo.com.mx\/index.php?rest_route=\/wp\/v2\/types\/post"}],"author":[{"embeddable":true,"href":"https:\/\/encuentroinformativo.com.mx\/index.php?rest_route=\/wp\/v2\/users\/2476"}],"replies":[{"embeddable":true,"href":"https:\/\/encuentroinformativo.com.mx\/index.php?rest_route=%2Fwp%2Fv2%2Fcomments&post=46971"}],"version-history":[{"count":1,"href":"https:\/\/encuentroinformativo.com.mx\/index.php?rest_route=\/wp\/v2\/posts\/46971\/revisions"}],"predecessor-version":[{"id":46973,"href":"https:\/\/encuentroinformativo.com.mx\/index.php?rest_route=\/wp\/v2\/posts\/46971\/revisions\/46973"}],"wp:featuredmedia":[{"embeddable":true,"href":"https:\/\/encuentroinformativo.com.mx\/index.php?rest_route=\/wp\/v2\/media\/46972"}],"wp:attachment":[{"href":"https:\/\/encuentroinformativo.com.mx\/index.php?rest_route=%2Fwp%2Fv2%2Fmedia&parent=46971"}],"wp:term":[{"taxonomy":"category","embeddable":true,"href":"https:\/\/encuentroinformativo.com.mx\/index.php?rest_route=%2Fwp%2Fv2%2Fcategories&post=46971"},{"taxonomy":"post_tag","embeddable":true,"href":"https:\/\/encuentroinformativo.com.mx\/index.php?rest_route=%2Fwp%2Fv2%2Ftags&post=46971"}],"curies":[{"name":"wp","href":"https:\/\/api.w.org\/{rel}","templated":true}]}}