{"id":4698,"date":"2020-08-06T12:30:02","date_gmt":"2020-08-06T17:30:02","guid":{"rendered":"https:\/\/encuentroinformativo.com\/?p=4698"},"modified":"2020-08-06T12:30:05","modified_gmt":"2020-08-06T17:30:05","slug":"comerciantes-demandan-reapertura-del-parque-juarez","status":"publish","type":"post","link":"https:\/\/encuentroinformativo.com.mx\/?p=4698","title":{"rendered":"Comerciantes demandan reapertura del parque Ju\u00e1rez"},"content":{"rendered":"\n<p><strong>Juan Arcos <\/strong><\/p>\n\n\n\n<p>Xalapa, Ver.- Vendedores del parque Benito Ju\u00e1rez exigen al ayuntamiento de Xalapa la reapertura de su espacio de trabajo.<\/p>\n\n\n\n<p>Un grupo de ellos protest\u00f3 esta ma\u00f1ana frente a Palacio Municipal, debido a que al menos 70 familias, entre propietarios de casetas y ayudantes, se est\u00e1n viendo severamente afectados por su inactividad comercial, durante la pandemia del SARS-COV-2 (COVID-19).<\/p>\n\n\n\n<p>Mencionaron que el gobierno municipal s\u00f3lo ha proporcionado despensas en dos ocasiones; sin embargo, no a todos los comerciantes.<\/p>\n\n\n\n<p>De acuerdo con Jos\u00e9 Godos Hern\u00e1ndez, uno de los quejosos, resulta injusto que haya tianguis en la ciudad y los comerciantes del parque Ju\u00e1rez no hayan podido laborar en los \u00faltimos cuatro meses.<\/p>\n\n\n\n<p>\u201cNos estamos manifestando de manera pac\u00edfica para ver si se nos da la oportunidad de regresar a nuestro centro de trabajo, ya llevamos cuatro meses sin percibir nada, sin trabajar, ya no soportamos m\u00e1s, sobre todo cuando vemos que hay tianguis y comercios grandes abiertos al p\u00fablico\u201d.<\/p>\n\n\n\n<p>El entrevistado mencion\u00f3 que las despensas que les han otorgado son peque\u00f1as y han sido insuficientes para garantizar el sustento de sus familias.<\/p>\n\n\n\n<p>Adem\u00e1s, coment\u00f3 que los vendedores se han endeudado para pagar servicios b\u00e1sicos en sus viviendas como luz, agua, gas.<\/p>\n\n\n\n<p>\u201cSon microdespensas, m\u00e1s que una despensa, queremos que nos dejen trabajar. Ya no soportamos, tenemos que buscar la manera de que nos dejen trabajar\u201d.<\/p>\n\n\n\n<p>Godos Hern\u00e1ndez refiri\u00f3 que algunos comerciantes del parque Ju\u00e1rez no accedieron a los cr\u00e9ditos que proporcionaba el gobierno para hacer frente a la contingencia sanitaria.<\/p>\n\n\n\n<p>\u201cA nosotros de aqu\u00ed a ninguno. Mi esposa y yo somos de la tercera edad, si inclusive gente joven, laboralmente apta, no consigue trabajo, nosotros menos y tenemos que ver la manera de subsistir\u201d, remat\u00f3.<\/p>\n\n\n\n<p><\/p>\n","protected":false},"excerpt":{"rendered":"<p>Juan Arcos Xalapa, Ver.- Vendedores del parque Benito Ju\u00e1rez exigen al ayuntamiento de Xalapa la reapertura de su espacio de trabajo. Un grupo de ellos protest\u00f3 esta ma\u00f1ana frente a Palacio Municipal, debido a que al menos 70 familias, entre propietarios de casetas y ayudantes, se est\u00e1n viendo severamente afectados por su inactividad comercial, durante [&hellip;]<\/p>\n","protected":false},"author":1,"featured_media":4699,"comment_status":"open","ping_status":"open","sticky":false,"template":"","format":"standard","meta":{"_jetpack_memberships_contains_paid_content":false,"footnotes":""},"categories":[3],"tags":[],"class_list":["post-4698","post","type-post","status-publish","format-standard","has-post-thumbnail","hentry","category-xalapa"],"jetpack_featured_media_url":"https:\/\/encuentroinformativo.com.mx\/wp-content\/uploads\/2020\/08\/4D657269-3AC6-473C-A22B-B909D47D46AA.jpeg","jetpack_sharing_enabled":true,"jetpack_likes_enabled":true,"amp_enabled":true,"_links":{"self":[{"href":"https:\/\/encuentroinformativo.com.mx\/index.php?rest_route=\/wp\/v2\/posts\/4698","targetHints":{"allow":["GET"]}}],"collection":[{"href":"https:\/\/encuentroinformativo.com.mx\/index.php?rest_route=\/wp\/v2\/posts"}],"about":[{"href":"https:\/\/encuentroinformativo.com.mx\/index.php?rest_route=\/wp\/v2\/types\/post"}],"author":[{"embeddable":true,"href":"https:\/\/encuentroinformativo.com.mx\/index.php?rest_route=\/wp\/v2\/users\/1"}],"replies":[{"embeddable":true,"href":"https:\/\/encuentroinformativo.com.mx\/index.php?rest_route=%2Fwp%2Fv2%2Fcomments&post=4698"}],"version-history":[{"count":1,"href":"https:\/\/encuentroinformativo.com.mx\/index.php?rest_route=\/wp\/v2\/posts\/4698\/revisions"}],"predecessor-version":[{"id":4700,"href":"https:\/\/encuentroinformativo.com.mx\/index.php?rest_route=\/wp\/v2\/posts\/4698\/revisions\/4700"}],"wp:featuredmedia":[{"embeddable":true,"href":"https:\/\/encuentroinformativo.com.mx\/index.php?rest_route=\/wp\/v2\/media\/4699"}],"wp:attachment":[{"href":"https:\/\/encuentroinformativo.com.mx\/index.php?rest_route=%2Fwp%2Fv2%2Fmedia&parent=4698"}],"wp:term":[{"taxonomy":"category","embeddable":true,"href":"https:\/\/encuentroinformativo.com.mx\/index.php?rest_route=%2Fwp%2Fv2%2Fcategories&post=4698"},{"taxonomy":"post_tag","embeddable":true,"href":"https:\/\/encuentroinformativo.com.mx\/index.php?rest_route=%2Fwp%2Fv2%2Ftags&post=4698"}],"curies":[{"name":"wp","href":"https:\/\/api.w.org\/{rel}","templated":true}]}}