{"id":46980,"date":"2023-10-30T12:27:43","date_gmt":"2023-10-30T18:27:43","guid":{"rendered":"https:\/\/encuentroinformativo.com.mx\/?p=46980"},"modified":"2023-10-30T12:27:44","modified_gmt":"2023-10-30T18:27:44","slug":"por-descuentos-injustificados-toman-delegacion-de-la-sev-en-coatepec","status":"publish","type":"post","link":"https:\/\/encuentroinformativo.com.mx\/?p=46980","title":{"rendered":"Por descuentos injustificados, toman delegaci\u00f3n de la SEV en Coatepec"},"content":{"rendered":"\n<p><strong>Juan Arcos <\/strong><\/p>\n\n\n\n<p>Coatepec, Ver.- Trabajadores protestaron y tomaron la delegaci\u00f3n de la Secretar\u00eda de Educaci\u00f3n (SEV) en Coatepec, donde denunciaron que les aplicaron descuentos injustificados en su salario y que han sido v\u00edctimas de abusos de autoridad.<\/p>\n\n\n\n<p>Los inconformes indicaron que a partir de enero de este a\u00f1o les han descontado hasta mil 500 pesos por quincena, situaci\u00f3n que consideraron un abuso.<\/p>\n\n\n\n<p>De manera an\u00f3nima por temor a m\u00e1s represalias, demandaron una audiencia con autoridades de la SEV para que se les informe el motivo de los descuentos.<\/p>\n\n\n\n<p>Los empleados exigieron a las autoridades educativas que el dinero les sea reembolsado, pues sus salarios no son elevados y esto afecta econ\u00f3micamente a sus familias.<\/p>\n\n\n\n<p>\u201cAlgunos descuentos son de 428 pesos de un d\u00eda y algunos aumentan porque son de tres d\u00edas, si es viernes se aumenta lo proporcional del s\u00e1bado y domingo, son hasta mil 500 por quincena\u201d, expresaron.<\/p>\n\n\n\n<p>Esta problem\u00e1tica afecta a los trabajadores de base; sin embargo, a la manifestaci\u00f3n se sumaron sus compa\u00f1eros de contrato y comisionados.<\/p>\n\n\n\n<p>\u201cEstamos exigiendo se remuneren los descuentos que han estado llegando de maneja injustificada a los compa\u00f1eros de base, personas de base son 38 adem\u00e1s de los compa\u00f1eros de contrato y comisionados quienes se est\u00e1n sumando a esta solicitud. Lo que pedimos es se les reintegre y se informe el motivo por el cual se est\u00e1n haciendo estos descuentos\u201d, insistieron.<\/p>\n\n\n\n<p>Los quejosos tambi\u00e9n pidieron espacios laborales dignos, pues indicaron que hace dos a\u00f1os sufrieron un incendio en las instalaciones de la calle Zaragoza y desde entonces carecen de oficinas amplias y propias.<\/p>\n\n\n\n<p>Ahora se encuentran al interior de una casa que fue adecuada como oficina sobre la calle Aldama, donde los espacios son reducidos.<\/p>\n\n\n\n<p>\u201cQue tengamos un lugar digno y propio para realizar nuestras actividades, est\u00e1bamos en Zaragoza pero por un incendio y desde ah\u00ed a la fecha no tenemos lugar donde laborar. Hemos estado metiendo oficios, los cuales nos amparan que estamos exigiendo un espacio digno a la SEV, las oficinas que tenemos son muy peque\u00f1as, hasta 15 personas estamos hacinadas en un mismo lugar\u201d, explicaron.<\/p>\n\n\n\n<p>Los inconformes amagaron con mantener la toma de instalaciones en la delegaci\u00f3n de la SEV hasta que sean atendidas sus demandas.<\/p>\n\n\n\n<figure class=\"wp-block-image size-large\"><img loading=\"lazy\" decoding=\"async\" width=\"1024\" height=\"578\" src=\"https:\/\/encuentroinformativo.com.mx\/wp-content\/uploads\/2023\/10\/637a0269-0bc8-4c22-a50b-d48e78d7e8b2-1024x578.jpg\" alt=\"\" class=\"wp-image-46982\" srcset=\"https:\/\/encuentroinformativo.com.mx\/wp-content\/uploads\/2023\/10\/637a0269-0bc8-4c22-a50b-d48e78d7e8b2-1024x578.jpg 1024w, https:\/\/encuentroinformativo.com.mx\/wp-content\/uploads\/2023\/10\/637a0269-0bc8-4c22-a50b-d48e78d7e8b2-300x169.jpg 300w, https:\/\/encuentroinformativo.com.mx\/wp-content\/uploads\/2023\/10\/637a0269-0bc8-4c22-a50b-d48e78d7e8b2-768x433.jpg 768w, https:\/\/encuentroinformativo.com.mx\/wp-content\/uploads\/2023\/10\/637a0269-0bc8-4c22-a50b-d48e78d7e8b2.jpg 1280w\" sizes=\"auto, (max-width: 1024px) 100vw, 1024px\" \/><\/figure>\n","protected":false},"excerpt":{"rendered":"<p>Juan Arcos Coatepec, Ver.- Trabajadores protestaron y tomaron la delegaci\u00f3n de la Secretar\u00eda de Educaci\u00f3n (SEV) en Coatepec, donde denunciaron que les aplicaron descuentos injustificados en su salario y que han sido v\u00edctimas de abusos de autoridad. Los inconformes indicaron que a partir de enero de este a\u00f1o les han descontado hasta mil 500 pesos [&hellip;]<\/p>\n","protected":false},"author":2476,"featured_media":46981,"comment_status":"open","ping_status":"open","sticky":false,"template":"","format":"standard","meta":{"_jetpack_memberships_contains_paid_content":false,"footnotes":""},"categories":[8],"tags":[],"class_list":["post-46980","post","type-post","status-publish","format-standard","has-post-thumbnail","hentry","category-region"],"jetpack_featured_media_url":"https:\/\/encuentroinformativo.com.mx\/wp-content\/uploads\/2023\/10\/8a7c6ffa-6e9d-459f-add6-f654236415d8.jpg","jetpack_sharing_enabled":true,"jetpack_likes_enabled":true,"amp_enabled":true,"_links":{"self":[{"href":"https:\/\/encuentroinformativo.com.mx\/index.php?rest_route=\/wp\/v2\/posts\/46980","targetHints":{"allow":["GET"]}}],"collection":[{"href":"https:\/\/encuentroinformativo.com.mx\/index.php?rest_route=\/wp\/v2\/posts"}],"about":[{"href":"https:\/\/encuentroinformativo.com.mx\/index.php?rest_route=\/wp\/v2\/types\/post"}],"author":[{"embeddable":true,"href":"https:\/\/encuentroinformativo.com.mx\/index.php?rest_route=\/wp\/v2\/users\/2476"}],"replies":[{"embeddable":true,"href":"https:\/\/encuentroinformativo.com.mx\/index.php?rest_route=%2Fwp%2Fv2%2Fcomments&post=46980"}],"version-history":[{"count":1,"href":"https:\/\/encuentroinformativo.com.mx\/index.php?rest_route=\/wp\/v2\/posts\/46980\/revisions"}],"predecessor-version":[{"id":46983,"href":"https:\/\/encuentroinformativo.com.mx\/index.php?rest_route=\/wp\/v2\/posts\/46980\/revisions\/46983"}],"wp:featuredmedia":[{"embeddable":true,"href":"https:\/\/encuentroinformativo.com.mx\/index.php?rest_route=\/wp\/v2\/media\/46981"}],"wp:attachment":[{"href":"https:\/\/encuentroinformativo.com.mx\/index.php?rest_route=%2Fwp%2Fv2%2Fmedia&parent=46980"}],"wp:term":[{"taxonomy":"category","embeddable":true,"href":"https:\/\/encuentroinformativo.com.mx\/index.php?rest_route=%2Fwp%2Fv2%2Fcategories&post=46980"},{"taxonomy":"post_tag","embeddable":true,"href":"https:\/\/encuentroinformativo.com.mx\/index.php?rest_route=%2Fwp%2Fv2%2Ftags&post=46980"}],"curies":[{"name":"wp","href":"https:\/\/api.w.org\/{rel}","templated":true}]}}