{"id":46984,"date":"2023-10-30T12:50:21","date_gmt":"2023-10-30T18:50:21","guid":{"rendered":"https:\/\/encuentroinformativo.com.mx\/?p=46984"},"modified":"2023-10-30T12:50:21","modified_gmt":"2023-10-30T18:50:21","slug":"en-xalapa-participan-400-empresas-en-el-buen-fin","status":"publish","type":"post","link":"https:\/\/encuentroinformativo.com.mx\/?p=46984","title":{"rendered":"En Xalapa, participan 400 empresas en el Buen Fin"},"content":{"rendered":"\n<p><strong>Dar\u00edo Pale <\/strong><\/p>\n\n\n\n<p>Xalapa, Ver.- El presidente de la c\u00e1mara empresarial de Xalapa, Carlos Luna G\u00f3mez, dio a conocer que del 17 al 20 de noviembre pr\u00f3ximo se llevar\u00e1 a cabo el &#8220;Buen Fin&#8221;, considerado el fin de semana m\u00e1s barato del a\u00f1o.\u00a0<\/p>\n\n\n\n<p>En conferencia de prensa realizada en las oficinas de Canaco Xalapa, dijo que se prev\u00e9 que en Xalapa y la regi\u00f3n alrededor de mil empresas de diferentes rubros y tama\u00f1os participen en esta edici\u00f3n.<\/p>\n\n\n\n<p>El Buen Fin es una marca registrada y, por tanto, se debe contar con el permiso para poder usar el logotipo en cualquier tipo de publicidad. \u00c9ste se podr\u00e1 usar durante el periodo del 1 al 20 de noviembre.<\/p>\n\n\n\n<p>Las empresas interesadas en participar en esta edici\u00f3n se pueden registrar de manera directa con la Canaco Xalapa, ubicada la calle \u00darsulo Galv\u00e1n n\u00famero 5, colonia Centro.\u00a0<\/p>\n\n\n\n<p>El d\u00eda 3 de noviembre vence el periodo para que las empresas se puedan registrar. De la misma forma, se podr\u00e1n registrar en la p\u00e1gina:\u00a0<a rel=\"noreferrer noopener\" href=\"https:\/\/elbuenfin.concanaco.com.mx\/\" target=\"_blank\">https:\/\/elbuenfin.concanaco.com.mx<\/a>.<\/p>\n\n\n\n<p>Dio a conocer que el a\u00f1o pasado a nivel nacional participaron 31 mil 174 empresas y 73 mil 953 sucursales, logrando ventas por 134.4 mil millones de pesos en todo el pa\u00eds.<\/p>\n\n\n\n<p>Se\u00f1al\u00f3 que a la fecha se han inscrito alrededor de 400 empresas de la capital veracruzana y la regi\u00f3n, pero se espera que sean al menos mil micros, peque\u00f1as, medianas y grandes empresas las que participen.<\/p>\n\n\n\n<p>Entre las empresas registradas se encuentran: zapater\u00edas, hoteles, joyer\u00edas, tiendas de conveniencia, pinturas, universidades, ferreter\u00edas, tiendas en l\u00ednea, escuelas de idiomas, compa\u00f1\u00edas de seguros, departamentales y consultoras.<\/p>\n\n\n\n<p>Ante ello, se pide a la poblaci\u00f3n adquirir productos y servicios en comercios formales, los cuales generan m\u00e1s del 65 por ciento de la econom\u00eda local.\u00a0<\/p>\n\n\n\n<p>Adem\u00e1s, es indispensable que se verifique que las empresas cumplan con las ofertas y promociones que se\u00f1alan, pues de lo contrario la Profeco podr\u00e1 sancionar a las empresas que no cumplan con las ofertas, promociones y descuentos que se anuncien a la poblaci\u00f3n.<\/p>\n\n\n\n<p>Por \u00faltimo se\u00f1al\u00f3 que en Xalapa, el a\u00f1o pasado los art\u00edculos m\u00e1s vendidos fueron: televisores, ropa y calzado.<\/p>\n","protected":false},"excerpt":{"rendered":"<p>Dar\u00edo Pale Xalapa, Ver.- El presidente de la c\u00e1mara empresarial de Xalapa, Carlos Luna G\u00f3mez, dio a conocer que del 17 al 20 de noviembre pr\u00f3ximo se llevar\u00e1 a cabo el &#8220;Buen Fin&#8221;, considerado el fin de semana m\u00e1s barato del a\u00f1o.\u00a0 En conferencia de prensa realizada en las oficinas de Canaco Xalapa, dijo que [&hellip;]<\/p>\n","protected":false},"author":2476,"featured_media":46985,"comment_status":"open","ping_status":"open","sticky":false,"template":"","format":"standard","meta":{"_jetpack_memberships_contains_paid_content":false,"footnotes":""},"categories":[3],"tags":[],"class_list":["post-46984","post","type-post","status-publish","format-standard","has-post-thumbnail","hentry","category-xalapa"],"jetpack_featured_media_url":"https:\/\/encuentroinformativo.com.mx\/wp-content\/uploads\/2023\/10\/IMG-20231030-WA00252.jpg","jetpack_sharing_enabled":true,"jetpack_likes_enabled":true,"amp_enabled":true,"_links":{"self":[{"href":"https:\/\/encuentroinformativo.com.mx\/index.php?rest_route=\/wp\/v2\/posts\/46984","targetHints":{"allow":["GET"]}}],"collection":[{"href":"https:\/\/encuentroinformativo.com.mx\/index.php?rest_route=\/wp\/v2\/posts"}],"about":[{"href":"https:\/\/encuentroinformativo.com.mx\/index.php?rest_route=\/wp\/v2\/types\/post"}],"author":[{"embeddable":true,"href":"https:\/\/encuentroinformativo.com.mx\/index.php?rest_route=\/wp\/v2\/users\/2476"}],"replies":[{"embeddable":true,"href":"https:\/\/encuentroinformativo.com.mx\/index.php?rest_route=%2Fwp%2Fv2%2Fcomments&post=46984"}],"version-history":[{"count":1,"href":"https:\/\/encuentroinformativo.com.mx\/index.php?rest_route=\/wp\/v2\/posts\/46984\/revisions"}],"predecessor-version":[{"id":46986,"href":"https:\/\/encuentroinformativo.com.mx\/index.php?rest_route=\/wp\/v2\/posts\/46984\/revisions\/46986"}],"wp:featuredmedia":[{"embeddable":true,"href":"https:\/\/encuentroinformativo.com.mx\/index.php?rest_route=\/wp\/v2\/media\/46985"}],"wp:attachment":[{"href":"https:\/\/encuentroinformativo.com.mx\/index.php?rest_route=%2Fwp%2Fv2%2Fmedia&parent=46984"}],"wp:term":[{"taxonomy":"category","embeddable":true,"href":"https:\/\/encuentroinformativo.com.mx\/index.php?rest_route=%2Fwp%2Fv2%2Fcategories&post=46984"},{"taxonomy":"post_tag","embeddable":true,"href":"https:\/\/encuentroinformativo.com.mx\/index.php?rest_route=%2Fwp%2Fv2%2Ftags&post=46984"}],"curies":[{"name":"wp","href":"https:\/\/api.w.org\/{rel}","templated":true}]}}