{"id":47002,"date":"2023-10-30T16:48:55","date_gmt":"2023-10-30T22:48:55","guid":{"rendered":"https:\/\/encuentroinformativo.com.mx\/?p=47002"},"modified":"2023-10-30T16:48:56","modified_gmt":"2023-10-30T22:48:56","slug":"ubica-segob-a-mil-600-veracruzanos-afectados-por-otis-en-guerrero","status":"publish","type":"post","link":"https:\/\/encuentroinformativo.com.mx\/?p=47002","title":{"rendered":"Ubica SEGOB a mil 600 veracruzanos afectados por Otis en Guerrero"},"content":{"rendered":"\n<p><strong>Juan Arcos<\/strong><\/p>\n\n\n\n<p>Xalapa, Ver.- Hay registro de al menos mil 600 veracruzanos en el estado de Guerrero que padecieron el impacto del hurac\u00e1n \u201cOtis\u201d, categor\u00eda 5, y que devast\u00f3 el municipio de Acapulco.<\/p>\n\n\n\n<p>El encargado de despacho de la Subsecretar\u00eda de Gobierno en Veracruz, Yair Ademar Dom\u00ednguez V\u00e1zquez, indic\u00f3 que la mayor\u00eda de los paisanos radican en esa entidad federativa por cuestiones laborales.<\/p>\n\n\n\n<p>\u201cHasta el momento tenemos identificados a alrededor de mil 600 veracruzanos en Guerrero, no solamente en Acapulco, sino tambi\u00e9n, en los municipios y en las regiones aleda\u00f1as donde fue el epicentro de este hurac\u00e1n\u201d, expres\u00f3.<\/p>\n\n\n\n<p>El entrevistado detall\u00f3 que se labora en la vinculaci\u00f3n con las personas que reportaron tener familiares en la zona del desastre natural, a trav\u00e9s de la Direcci\u00f3n General de Atenci\u00f3n a Migrantes en Veracruz.<\/p>\n\n\n\n<p>Tras recibir los reportes ciudadanos, se hace el enlace con el Centro Nacional de Emergencias (CNE) para la b\u00fasqueda de los nombres que han sido proporcionados por sus familiares.<\/p>\n\n\n\n<p>\u201cNos entregan el nombre del familiar y con este nombre contactamos al Centro Nacional de Emergencia y es quien nos ayuda a buscarlos en los albergues en donde pudieran estar\u201d, enfatiz\u00f3 el funcionario estatal.<\/p>\n\n\n\n<p>Adem\u00e1s V\u00e1zquez coment\u00f3 que hay vinculaci\u00f3n con la Secretar\u00eda de Turismo para que se d\u00e9 a conocer si proveedores tur\u00edsticos ten\u00edan viaje en la zona de desastre y de esa forma tambi\u00e9n se brinde el apoyo necesario.<\/p>\n\n\n\n<p>Hasta el momento, no hay reporte de personas originarias de Veracruz desaparecidas y ninguna de las mil 600 ha regresado a su ciudad natal, pero afortunadamente ya pudieron tener contacto con sus familias.<\/p>\n\n\n\n<p>\u201cEst\u00e1n sanos y salvos y reciben el apoyo que el Gobierno Federal ha desplegado en Acapulco, pero hasta el momento no hay regreso de ning\u00fan veracruzano\u201d, a\u00f1adi\u00f3 el encargado de despacho de la Subsecretar\u00eda de Gobierno.<\/p>\n\n\n\n<p>Tambi\u00e9n detall\u00f3 que a\u00fan es complicada la comunicaci\u00f3n hacia la zona costera del estado de Guerrero, debido a que el hurac\u00e1n \u201cOtis\u201d destroz\u00f3 las antenas y las instalaciones de la Comisi\u00f3n Federal de Electricidad (CFE).<\/p>\n\n\n\n<p>\u201cHa sido un problema localizarlos, porque no s\u00f3lo hay ciudadanos en albergues, sino que tambi\u00e9n algunos est\u00e1n resguardados en sus domicilios y eso complica tener la comunicaci\u00f3n con ellos\u201d, remat\u00f3.<\/p>\n","protected":false},"excerpt":{"rendered":"<p>Juan Arcos Xalapa, Ver.- Hay registro de al menos mil 600 veracruzanos en el estado de Guerrero que padecieron el impacto del hurac\u00e1n \u201cOtis\u201d, categor\u00eda 5, y que devast\u00f3 el municipio de Acapulco. El encargado de despacho de la Subsecretar\u00eda de Gobierno en Veracruz, Yair Ademar Dom\u00ednguez V\u00e1zquez, indic\u00f3 que la mayor\u00eda de los paisanos [&hellip;]<\/p>\n","protected":false},"author":2476,"featured_media":47003,"comment_status":"open","ping_status":"open","sticky":false,"template":"","format":"standard","meta":{"_jetpack_memberships_contains_paid_content":false,"footnotes":""},"categories":[2,12],"tags":[],"class_list":["post-47002","post","type-post","status-publish","format-standard","has-post-thumbnail","hentry","category-estado","category-nacional"],"jetpack_featured_media_url":"https:\/\/encuentroinformativo.com.mx\/wp-content\/uploads\/2023\/10\/d13dcec8-8914-4f05-9d1f-8faed8953fa6.jpg","jetpack_sharing_enabled":true,"jetpack_likes_enabled":true,"amp_enabled":true,"_links":{"self":[{"href":"https:\/\/encuentroinformativo.com.mx\/index.php?rest_route=\/wp\/v2\/posts\/47002","targetHints":{"allow":["GET"]}}],"collection":[{"href":"https:\/\/encuentroinformativo.com.mx\/index.php?rest_route=\/wp\/v2\/posts"}],"about":[{"href":"https:\/\/encuentroinformativo.com.mx\/index.php?rest_route=\/wp\/v2\/types\/post"}],"author":[{"embeddable":true,"href":"https:\/\/encuentroinformativo.com.mx\/index.php?rest_route=\/wp\/v2\/users\/2476"}],"replies":[{"embeddable":true,"href":"https:\/\/encuentroinformativo.com.mx\/index.php?rest_route=%2Fwp%2Fv2%2Fcomments&post=47002"}],"version-history":[{"count":1,"href":"https:\/\/encuentroinformativo.com.mx\/index.php?rest_route=\/wp\/v2\/posts\/47002\/revisions"}],"predecessor-version":[{"id":47004,"href":"https:\/\/encuentroinformativo.com.mx\/index.php?rest_route=\/wp\/v2\/posts\/47002\/revisions\/47004"}],"wp:featuredmedia":[{"embeddable":true,"href":"https:\/\/encuentroinformativo.com.mx\/index.php?rest_route=\/wp\/v2\/media\/47003"}],"wp:attachment":[{"href":"https:\/\/encuentroinformativo.com.mx\/index.php?rest_route=%2Fwp%2Fv2%2Fmedia&parent=47002"}],"wp:term":[{"taxonomy":"category","embeddable":true,"href":"https:\/\/encuentroinformativo.com.mx\/index.php?rest_route=%2Fwp%2Fv2%2Fcategories&post=47002"},{"taxonomy":"post_tag","embeddable":true,"href":"https:\/\/encuentroinformativo.com.mx\/index.php?rest_route=%2Fwp%2Fv2%2Ftags&post=47002"}],"curies":[{"name":"wp","href":"https:\/\/api.w.org\/{rel}","templated":true}]}}