{"id":47008,"date":"2023-10-30T21:58:16","date_gmt":"2023-10-31T03:58:16","guid":{"rendered":"https:\/\/encuentroinformativo.com.mx\/?p=47008"},"modified":"2023-10-30T21:58:16","modified_gmt":"2023-10-31T03:58:16","slug":"procesion-de-catrinas-en-los-lagos","status":"publish","type":"post","link":"https:\/\/encuentroinformativo.com.mx\/?p=47008","title":{"rendered":"Procesi\u00f3n de catrinas en Los Lagos"},"content":{"rendered":"\n<p>Xalapa, Ver.- Como parte de la agenda cultural para celebrar el D\u00eda de Muertos, esta noche se realiz\u00f3 la tradicional Procesi\u00f3n de Catrinas 2023, teniendo como sede el Paseo de Los Lagos.<\/p>\n\n\n\n<p>Desde las 17:00 horas, las Catrinas y los Catrines asistentes pudieron disfrutar de una amplia selecci\u00f3n de actividades art\u00edsticas.<\/p>\n\n\n\n<figure class=\"wp-block-image size-large\"><img loading=\"lazy\" decoding=\"async\" width=\"682\" height=\"1024\" src=\"https:\/\/encuentroinformativo.com.mx\/wp-content\/uploads\/2023\/10\/IMG-20231030-WA0141.jpg\" alt=\"\" class=\"wp-image-47010\" srcset=\"https:\/\/encuentroinformativo.com.mx\/wp-content\/uploads\/2023\/10\/IMG-20231030-WA0141.jpg 682w, https:\/\/encuentroinformativo.com.mx\/wp-content\/uploads\/2023\/10\/IMG-20231030-WA0141-200x300.jpg 200w\" sizes=\"auto, (max-width: 682px) 100vw, 682px\" \/><\/figure>\n\n\n\n<figure class=\"wp-block-image size-large\"><img loading=\"lazy\" decoding=\"async\" width=\"1024\" height=\"682\" src=\"https:\/\/encuentroinformativo.com.mx\/wp-content\/uploads\/2023\/10\/IMG-20231030-WA0145.jpg\" alt=\"\" class=\"wp-image-47011\" srcset=\"https:\/\/encuentroinformativo.com.mx\/wp-content\/uploads\/2023\/10\/IMG-20231030-WA0145.jpg 1024w, https:\/\/encuentroinformativo.com.mx\/wp-content\/uploads\/2023\/10\/IMG-20231030-WA0145-300x200.jpg 300w, https:\/\/encuentroinformativo.com.mx\/wp-content\/uploads\/2023\/10\/IMG-20231030-WA0145-768x512.jpg 768w\" sizes=\"auto, (max-width: 1024px) 100vw, 1024px\" \/><\/figure>\n","protected":false},"excerpt":{"rendered":"<p>Xalapa, Ver.- Como parte de la agenda cultural para celebrar el D\u00eda de Muertos, esta noche se realiz\u00f3 la tradicional Procesi\u00f3n de Catrinas 2023, teniendo como sede el Paseo de Los Lagos. Desde las 17:00 horas, las Catrinas y los Catrines asistentes pudieron disfrutar de una amplia selecci\u00f3n de actividades art\u00edsticas.<\/p>\n","protected":false},"author":2476,"featured_media":47009,"comment_status":"open","ping_status":"open","sticky":false,"template":"","format":"standard","meta":{"_jetpack_memberships_contains_paid_content":false,"footnotes":""},"categories":[3],"tags":[],"class_list":["post-47008","post","type-post","status-publish","format-standard","has-post-thumbnail","hentry","category-xalapa"],"jetpack_featured_media_url":"https:\/\/encuentroinformativo.com.mx\/wp-content\/uploads\/2023\/10\/IMG-20231030-WA0147.jpg","jetpack_sharing_enabled":true,"jetpack_likes_enabled":true,"amp_enabled":true,"_links":{"self":[{"href":"https:\/\/encuentroinformativo.com.mx\/index.php?rest_route=\/wp\/v2\/posts\/47008","targetHints":{"allow":["GET"]}}],"collection":[{"href":"https:\/\/encuentroinformativo.com.mx\/index.php?rest_route=\/wp\/v2\/posts"}],"about":[{"href":"https:\/\/encuentroinformativo.com.mx\/index.php?rest_route=\/wp\/v2\/types\/post"}],"author":[{"embeddable":true,"href":"https:\/\/encuentroinformativo.com.mx\/index.php?rest_route=\/wp\/v2\/users\/2476"}],"replies":[{"embeddable":true,"href":"https:\/\/encuentroinformativo.com.mx\/index.php?rest_route=%2Fwp%2Fv2%2Fcomments&post=47008"}],"version-history":[{"count":1,"href":"https:\/\/encuentroinformativo.com.mx\/index.php?rest_route=\/wp\/v2\/posts\/47008\/revisions"}],"predecessor-version":[{"id":47012,"href":"https:\/\/encuentroinformativo.com.mx\/index.php?rest_route=\/wp\/v2\/posts\/47008\/revisions\/47012"}],"wp:featuredmedia":[{"embeddable":true,"href":"https:\/\/encuentroinformativo.com.mx\/index.php?rest_route=\/wp\/v2\/media\/47009"}],"wp:attachment":[{"href":"https:\/\/encuentroinformativo.com.mx\/index.php?rest_route=%2Fwp%2Fv2%2Fmedia&parent=47008"}],"wp:term":[{"taxonomy":"category","embeddable":true,"href":"https:\/\/encuentroinformativo.com.mx\/index.php?rest_route=%2Fwp%2Fv2%2Fcategories&post=47008"},{"taxonomy":"post_tag","embeddable":true,"href":"https:\/\/encuentroinformativo.com.mx\/index.php?rest_route=%2Fwp%2Fv2%2Ftags&post=47008"}],"curies":[{"name":"wp","href":"https:\/\/api.w.org\/{rel}","templated":true}]}}