{"id":4701,"date":"2020-08-06T14:03:54","date_gmt":"2020-08-06T19:03:54","guid":{"rendered":"https:\/\/encuentroinformativo.com\/?p=4701"},"modified":"2020-08-06T14:03:56","modified_gmt":"2020-08-06T19:03:56","slug":"ceremonia-por-grito-de-independencia-sera-virtual-gobernador","status":"publish","type":"post","link":"https:\/\/encuentroinformativo.com.mx\/?p=4701","title":{"rendered":"Ceremonia por Grito de Independencia ser\u00e1 virtual: Gobernador"},"content":{"rendered":"\n<p><strong>Juan Arcos <\/strong><\/p>\n\n\n\n<p>Xalapa, Ver.- El gobernador de Veracruz, Cuitl\u00e1huac Garc\u00eda Jim\u00e9nez, anunci\u00f3 que la ceremonia del Grito de Independencia se llevar\u00e1 a cabo de manera virtual y ser\u00e1 transmitida a trav\u00e9s de medios electr\u00f3nicos y redes sociales.<\/p>\n\n\n\n<p>El mandatario estatal indic\u00f3 que la decisi\u00f3n fue tomada por el Comit\u00e9 T\u00e9cnico de Salud, que \u00e9l preside, para evitar las aglomeraciones de personas en plazas p\u00fablicas, as\u00ed como tambi\u00e9n, los contagios de SARS-COV-2 (COVID-19).<\/p>\n\n\n\n<p>\u201cSe tom\u00f3 la decisi\u00f3n de realizar el grito de manera virtual, sin la presencia de personas en las plazas\u201d, refiri\u00f3.<\/p>\n\n\n\n<p>Cabe recordar que la Secretar\u00eda de Salud de Veracruz (SS) reporta hasta el momento 22 mil 517 casos positivos en 198 de los 212 municipios y 2 mil 958 defunciones en 151 demarcaciones.<\/p>\n\n\n\n<p>El titular del Poder Ejecutivo record\u00f3 que la entidad se encuentra en sem\u00e1foro epidemiol\u00f3gico color rojo, con 122 municipios en riesgo m\u00e1ximo de contagio y 90 municipios en riesgo alto, por lo que resultar\u00eda inapropiado llevar a cabo una concentraci\u00f3n de personas en una celebraci\u00f3n p\u00fablica.<\/p>\n\n\n\n<p>El funcionario estatal tambi\u00e9n indic\u00f3 que el regreso a la nueva normalidad para trabajadores al servicio del estado y los estudiantes depender\u00e1 del cumplimiento de las medidas sanitarias; de lo contrario, la fecha continuar\u00eda aplaz\u00e1ndose.<\/p>\n\n\n\n<p>\u201cTengo esperanza de que pronto esto empiece a descender, ya que los datos de los \u00faltimos 20 d\u00edas son bastante esperanzadores, se ha mantenido estable el n\u00famero de casos, ahora lo que esperamos es que baje\u201d, expres\u00f3 Garc\u00eda Jim\u00e9nez.<\/p>\n\n\n\n<p>El Gobernador de Veracruz pidi\u00f3 a la poblaci\u00f3n hacer un esfuerzo conjunto para mantenerse saludable y evitar la saturaci\u00f3n de los hospitales.<\/p>\n\n\n\n<p><\/p>\n","protected":false},"excerpt":{"rendered":"<p>Juan Arcos Xalapa, Ver.- El gobernador de Veracruz, Cuitl\u00e1huac Garc\u00eda Jim\u00e9nez, anunci\u00f3 que la ceremonia del Grito de Independencia se llevar\u00e1 a cabo de manera virtual y ser\u00e1 transmitida a trav\u00e9s de medios electr\u00f3nicos y redes sociales. El mandatario estatal indic\u00f3 que la decisi\u00f3n fue tomada por el Comit\u00e9 T\u00e9cnico de Salud, que \u00e9l preside, [&hellip;]<\/p>\n","protected":false},"author":1,"featured_media":4702,"comment_status":"open","ping_status":"open","sticky":false,"template":"","format":"standard","meta":{"_jetpack_memberships_contains_paid_content":false,"footnotes":""},"categories":[2],"tags":[],"class_list":["post-4701","post","type-post","status-publish","format-standard","has-post-thumbnail","hentry","category-estado"],"jetpack_featured_media_url":"https:\/\/encuentroinformativo.com.mx\/wp-content\/uploads\/2020\/08\/65428CFA-D258-4EE4-B1B9-3C47BF505544.jpeg","jetpack_sharing_enabled":true,"jetpack_likes_enabled":true,"amp_enabled":true,"_links":{"self":[{"href":"https:\/\/encuentroinformativo.com.mx\/index.php?rest_route=\/wp\/v2\/posts\/4701","targetHints":{"allow":["GET"]}}],"collection":[{"href":"https:\/\/encuentroinformativo.com.mx\/index.php?rest_route=\/wp\/v2\/posts"}],"about":[{"href":"https:\/\/encuentroinformativo.com.mx\/index.php?rest_route=\/wp\/v2\/types\/post"}],"author":[{"embeddable":true,"href":"https:\/\/encuentroinformativo.com.mx\/index.php?rest_route=\/wp\/v2\/users\/1"}],"replies":[{"embeddable":true,"href":"https:\/\/encuentroinformativo.com.mx\/index.php?rest_route=%2Fwp%2Fv2%2Fcomments&post=4701"}],"version-history":[{"count":1,"href":"https:\/\/encuentroinformativo.com.mx\/index.php?rest_route=\/wp\/v2\/posts\/4701\/revisions"}],"predecessor-version":[{"id":4703,"href":"https:\/\/encuentroinformativo.com.mx\/index.php?rest_route=\/wp\/v2\/posts\/4701\/revisions\/4703"}],"wp:featuredmedia":[{"embeddable":true,"href":"https:\/\/encuentroinformativo.com.mx\/index.php?rest_route=\/wp\/v2\/media\/4702"}],"wp:attachment":[{"href":"https:\/\/encuentroinformativo.com.mx\/index.php?rest_route=%2Fwp%2Fv2%2Fmedia&parent=4701"}],"wp:term":[{"taxonomy":"category","embeddable":true,"href":"https:\/\/encuentroinformativo.com.mx\/index.php?rest_route=%2Fwp%2Fv2%2Fcategories&post=4701"},{"taxonomy":"post_tag","embeddable":true,"href":"https:\/\/encuentroinformativo.com.mx\/index.php?rest_route=%2Fwp%2Fv2%2Ftags&post=4701"}],"curies":[{"name":"wp","href":"https:\/\/api.w.org\/{rel}","templated":true}]}}