{"id":47021,"date":"2023-10-31T10:16:57","date_gmt":"2023-10-31T16:16:57","guid":{"rendered":"https:\/\/encuentroinformativo.com.mx\/?p=47021"},"modified":"2023-10-31T10:16:58","modified_gmt":"2023-10-31T16:16:58","slug":"esperan-miles-de-turistas-en-naolinco","status":"publish","type":"post","link":"https:\/\/encuentroinformativo.com.mx\/?p=47021","title":{"rendered":"Esperan miles de turistas en Naolinco"},"content":{"rendered":"\n<p><strong>Juan Arcos <\/strong><\/p>\n\n\n\n<p>Naolinco, Ver &#8211; Los empresarios de Naolinco se dicen listos para recibir a miles de visitantes para la tradicional \u201cCantada\u201d, como parte de los festejos del D\u00eda de Muertos y Todos Santos.<\/p>\n\n\n\n<p>La mayor afluencia de turistas se espera los d\u00edas 31 de octubre, as\u00ed como tambi\u00e9n, 1 y 2 de noviembre, en este municipio que reci\u00e9n recibi\u00f3 el nombramiento de Pueblo M\u00e1gico.<\/p>\n\n\n\n<p>El empresario zapatero Javier Ismael Hern\u00e1ndez Rivera record\u00f3 que la tradicional \u201cCantada\u201d se realiza la noche del d\u00eda primero de noviembre, cuyo recorrido inicia en el pante\u00f3n municipal y despu\u00e9s el contingente pasa por algunos domicilios.<\/p>\n\n\n\n<p>Cuando la gente visita las casas de los mayordomos, degustan tamales, pan, caf\u00e9 o vino, actividad que se mantiene durante gran parte de la noche.<\/p>\n\n\n\n<p>&#8220;A parte los turistas tienen d\u00f3nde visitar muestras de altares: en la preparatoria, bajos de Palacio Municipal, la casa de cultura y en el parque obviamente\u201d, expres\u00f3.<\/p>\n\n\n\n<p>El artesano Javier Ismael refiri\u00f3 que el sector empresarial contin\u00faa en proceso de recuperaci\u00f3n econ\u00f3mica tras las afectaciones que ocasion\u00f3 la pandemia del coronavirus en a\u00f1os pasados.<\/p>\n\n\n\n<p>Enfatiz\u00f3 que se habilitaron espacios amplios como estacionamiento para recibir a un mayor n\u00famero de visitantes en el Pueblo M\u00e1gico, ubicado a 32 kil\u00f3metros de distancia de la ciudad de Xalapa.<\/p>\n\n\n\n<p>\u201cHabemos fabricantes de calzado, pueden llevar su cartera, su bolsa, productos elaborados con piel. Tenemos estacionamientos en la terminal de los autobuses Banderilla, otro en la calle Miguel Lerdo, otro junto al Calvario, debajo del pante\u00f3n, tambi\u00e9n se pueden estacionar en calles aleda\u00f1as\u201d.<\/p>\n\n\n\n<p>Los artesanos y comerciantes indicaron que autoridades municipales y estatales desplegar\u00e1n un operativo para garantizar la seguridad durante los festejos de esta temporada.<\/p>\n\n\n\n<figure class=\"wp-block-image size-large\"><img loading=\"lazy\" decoding=\"async\" width=\"1024\" height=\"768\" src=\"https:\/\/encuentroinformativo.com.mx\/wp-content\/uploads\/2023\/10\/IMG_9298-1024x768.jpg\" alt=\"\" class=\"wp-image-47023\" srcset=\"https:\/\/encuentroinformativo.com.mx\/wp-content\/uploads\/2023\/10\/IMG_9298-1024x768.jpg 1024w, https:\/\/encuentroinformativo.com.mx\/wp-content\/uploads\/2023\/10\/IMG_9298-300x225.jpg 300w, https:\/\/encuentroinformativo.com.mx\/wp-content\/uploads\/2023\/10\/IMG_9298-768x576.jpg 768w, https:\/\/encuentroinformativo.com.mx\/wp-content\/uploads\/2023\/10\/IMG_9298-1536x1152.jpg 1536w, https:\/\/encuentroinformativo.com.mx\/wp-content\/uploads\/2023\/10\/IMG_9298.jpg 2016w\" sizes=\"auto, (max-width: 1024px) 100vw, 1024px\" \/><\/figure>\n","protected":false},"excerpt":{"rendered":"<p>Juan Arcos Naolinco, Ver &#8211; Los empresarios de Naolinco se dicen listos para recibir a miles de visitantes para la tradicional \u201cCantada\u201d, como parte de los festejos del D\u00eda de Muertos y Todos Santos. La mayor afluencia de turistas se espera los d\u00edas 31 de octubre, as\u00ed como tambi\u00e9n, 1 y 2 de noviembre, en [&hellip;]<\/p>\n","protected":false},"author":2476,"featured_media":47022,"comment_status":"open","ping_status":"open","sticky":false,"template":"","format":"standard","meta":{"_jetpack_memberships_contains_paid_content":false,"footnotes":""},"categories":[8],"tags":[],"class_list":["post-47021","post","type-post","status-publish","format-standard","has-post-thumbnail","hentry","category-region"],"jetpack_featured_media_url":"https:\/\/encuentroinformativo.com.mx\/wp-content\/uploads\/2023\/10\/IMG_9304.jpg","jetpack_sharing_enabled":true,"jetpack_likes_enabled":true,"amp_enabled":true,"_links":{"self":[{"href":"https:\/\/encuentroinformativo.com.mx\/index.php?rest_route=\/wp\/v2\/posts\/47021","targetHints":{"allow":["GET"]}}],"collection":[{"href":"https:\/\/encuentroinformativo.com.mx\/index.php?rest_route=\/wp\/v2\/posts"}],"about":[{"href":"https:\/\/encuentroinformativo.com.mx\/index.php?rest_route=\/wp\/v2\/types\/post"}],"author":[{"embeddable":true,"href":"https:\/\/encuentroinformativo.com.mx\/index.php?rest_route=\/wp\/v2\/users\/2476"}],"replies":[{"embeddable":true,"href":"https:\/\/encuentroinformativo.com.mx\/index.php?rest_route=%2Fwp%2Fv2%2Fcomments&post=47021"}],"version-history":[{"count":1,"href":"https:\/\/encuentroinformativo.com.mx\/index.php?rest_route=\/wp\/v2\/posts\/47021\/revisions"}],"predecessor-version":[{"id":47024,"href":"https:\/\/encuentroinformativo.com.mx\/index.php?rest_route=\/wp\/v2\/posts\/47021\/revisions\/47024"}],"wp:featuredmedia":[{"embeddable":true,"href":"https:\/\/encuentroinformativo.com.mx\/index.php?rest_route=\/wp\/v2\/media\/47022"}],"wp:attachment":[{"href":"https:\/\/encuentroinformativo.com.mx\/index.php?rest_route=%2Fwp%2Fv2%2Fmedia&parent=47021"}],"wp:term":[{"taxonomy":"category","embeddable":true,"href":"https:\/\/encuentroinformativo.com.mx\/index.php?rest_route=%2Fwp%2Fv2%2Fcategories&post=47021"},{"taxonomy":"post_tag","embeddable":true,"href":"https:\/\/encuentroinformativo.com.mx\/index.php?rest_route=%2Fwp%2Fv2%2Ftags&post=47021"}],"curies":[{"name":"wp","href":"https:\/\/api.w.org\/{rel}","templated":true}]}}