{"id":47038,"date":"2023-10-31T14:07:37","date_gmt":"2023-10-31T20:07:37","guid":{"rendered":"https:\/\/encuentroinformativo.com.mx\/?p=47038"},"modified":"2023-10-31T14:07:38","modified_gmt":"2023-10-31T20:07:38","slug":"registran-en-veracruz-35-casos-de-violencia-vicaria","status":"publish","type":"post","link":"https:\/\/encuentroinformativo.com.mx\/?p=47038","title":{"rendered":"Registran en Veracruz 35 casos de violencia vicaria"},"content":{"rendered":"\n<p><strong>Dar\u00edo Pale <\/strong><\/p>\n\n\n\n<p>Xalapa, Ver.- Mar\u00eda Teresa de Jes\u00fas Auroze Herrera, representante del Frente Nacional contra Violencia Vicaria en Veracruz, dio a conocer que en M\u00e9xico 3 mil 120 mam\u00e1s han sido v\u00edctimas de violencia vicaria y 6 mil 572 infancias no cuentan con una pensi\u00f3n alimenticia de parte de sus padres, se\u00f1al\u00f3.<\/p>\n\n\n\n<p>En conferencia de prensa, indic\u00f3 que dichos datos se tienen registrados en la organizaci\u00f3n que representa; sin embargo, hay muchas mujeres que no realizan la denuncia correspondiente.<\/p>\n\n\n\n<p>Explic\u00f3 que la violencia vicaria es aquella que tiene como objetivo da\u00f1ar a la mujer a trav\u00e9s de sus seres queridos, especialmente de sus hijas e hijos, por lo que en la entidad se han contabilizado 35 casos de mujeres v\u00edctimas de este tipo de violencia.<\/p>\n\n\n\n<p>&#8220;Cada d\u00eda a nivel nacional llegan entre cinco y siete v\u00edctimas de violencia vicaria, este d\u00eda llegaron tres mujeres de Veracruz a pedir ayuda&#8221;, se\u00f1al\u00f3.<\/p>\n\n\n\n<p>Destac\u00f3 que la Encuesta Nacional sobre la Din\u00e1mica de las Relaciones en los Hogares (ENDIREH) del INEGI se\u00f1ala que 76 de cada cien mujeres han sufrido violencia en alg\u00fan momento de la vida.<\/p>\n\n\n\n<p>Las cifras, dijo, mencionan que el 43.9 por ciento de las mujeres han sufrido violencia por parte de su pareja sentimental a\u00fan sin tener hijos.<\/p>\n\n\n\n<p>Adem\u00e1s, expuso, seg\u00fan INEGI cuatro de cada diez infancias no reciben pensi\u00f3n alimenticia a nivel mundial.<\/p>\n\n\n\n<p>&#8220;No todas las mujeres conocen este tipo de violencia y viven sometidas bajo la violencia del hombre&#8221;, coment\u00f3.<\/p>\n\n\n\n<p>Dio a conocer que en Veracruz cuatro mujeres han sido detenidas cuatro al aplicarles este tipo de violencia, y una de ellas fue encarcelada en Quintana Roo.<\/p>\n\n\n\n<p>Por \u00faltimo ante ello, hizo un llamado para que desde el Congreso local se apruebe la propuesta presentada por la legisladora Ana Miriam Ferr\u00e1ez Centeno, con la que busca castigar a los hombres que hayan cometido este tipo de violencia contra sus parejas, la cual se present\u00f3 hace unas semanas y no ha sido dictaminada.<\/p>\n","protected":false},"excerpt":{"rendered":"<p>Dar\u00edo Pale Xalapa, Ver.- Mar\u00eda Teresa de Jes\u00fas Auroze Herrera, representante del Frente Nacional contra Violencia Vicaria en Veracruz, dio a conocer que en M\u00e9xico 3 mil 120 mam\u00e1s han sido v\u00edctimas de violencia vicaria y 6 mil 572 infancias no cuentan con una pensi\u00f3n alimenticia de parte de sus padres, se\u00f1al\u00f3. En conferencia de [&hellip;]<\/p>\n","protected":false},"author":2476,"featured_media":47039,"comment_status":"open","ping_status":"open","sticky":false,"template":"","format":"standard","meta":{"_jetpack_memberships_contains_paid_content":false,"footnotes":""},"categories":[2],"tags":[],"class_list":["post-47038","post","type-post","status-publish","format-standard","has-post-thumbnail","hentry","category-estado"],"jetpack_featured_media_url":"https:\/\/encuentroinformativo.com.mx\/wp-content\/uploads\/2023\/10\/IMG-20231031-WA0055.jpg","jetpack_sharing_enabled":true,"jetpack_likes_enabled":true,"amp_enabled":true,"_links":{"self":[{"href":"https:\/\/encuentroinformativo.com.mx\/index.php?rest_route=\/wp\/v2\/posts\/47038","targetHints":{"allow":["GET"]}}],"collection":[{"href":"https:\/\/encuentroinformativo.com.mx\/index.php?rest_route=\/wp\/v2\/posts"}],"about":[{"href":"https:\/\/encuentroinformativo.com.mx\/index.php?rest_route=\/wp\/v2\/types\/post"}],"author":[{"embeddable":true,"href":"https:\/\/encuentroinformativo.com.mx\/index.php?rest_route=\/wp\/v2\/users\/2476"}],"replies":[{"embeddable":true,"href":"https:\/\/encuentroinformativo.com.mx\/index.php?rest_route=%2Fwp%2Fv2%2Fcomments&post=47038"}],"version-history":[{"count":1,"href":"https:\/\/encuentroinformativo.com.mx\/index.php?rest_route=\/wp\/v2\/posts\/47038\/revisions"}],"predecessor-version":[{"id":47040,"href":"https:\/\/encuentroinformativo.com.mx\/index.php?rest_route=\/wp\/v2\/posts\/47038\/revisions\/47040"}],"wp:featuredmedia":[{"embeddable":true,"href":"https:\/\/encuentroinformativo.com.mx\/index.php?rest_route=\/wp\/v2\/media\/47039"}],"wp:attachment":[{"href":"https:\/\/encuentroinformativo.com.mx\/index.php?rest_route=%2Fwp%2Fv2%2Fmedia&parent=47038"}],"wp:term":[{"taxonomy":"category","embeddable":true,"href":"https:\/\/encuentroinformativo.com.mx\/index.php?rest_route=%2Fwp%2Fv2%2Fcategories&post=47038"},{"taxonomy":"post_tag","embeddable":true,"href":"https:\/\/encuentroinformativo.com.mx\/index.php?rest_route=%2Fwp%2Fv2%2Ftags&post=47038"}],"curies":[{"name":"wp","href":"https:\/\/api.w.org\/{rel}","templated":true}]}}