{"id":4704,"date":"2020-08-06T14:32:14","date_gmt":"2020-08-06T19:32:14","guid":{"rendered":"https:\/\/encuentroinformativo.com\/?p=4704"},"modified":"2020-08-06T14:32:16","modified_gmt":"2020-08-06T19:32:16","slug":"por-pandemia-cafeterias-reportan-perdidas-del-90","status":"publish","type":"post","link":"https:\/\/encuentroinformativo.com.mx\/?p=4704","title":{"rendered":"Por pandemia, cafeter\u00edas reportan p\u00e9rdidas del 90%"},"content":{"rendered":"\n<p><strong>Juan Arcos <\/strong><\/p>\n\n\n\n<p>Xalapa, Ver.- Cafeter\u00edas de distintos puntos de la ciudad de Xalapa han registrado p\u00e9rdidas del 90 por ciento en los \u00faltimos cuatro meses.<\/p>\n\n\n\n<p>Encargados de estos negocios consideran que las afectaciones por la pandemia del SARS-COV-2 (COVID-19) son considerables.<\/p>\n\n\n\n<p>De acuerdo con \u00d3scar Huerta, de una cafeter\u00eda que se encuentra en Plaza Museo, los peque\u00f1os comercios han sido los m\u00e1s afectados por la crisis sanitaria.<\/p>\n\n\n\n<p>El entrevistado mencion\u00f3 que adoptar nuevas medidas de higiene les ha generado deudas y sacrificios.<\/p>\n\n\n\n<p>\u201cNuestras ventas han ca\u00eddo en un 90 por ciento, hacemos un esfuerzo por mantener a todo nuestro personal, tratamos de mantenernos juntos, de apoyarnos, pero es urgente que reactivemos la econom\u00eda para poder subsistir\u201d.<\/p>\n\n\n\n<p>Para los peque\u00f1os empresarios resulta muy dif\u00edcil costear el pago de energ\u00eda el\u00e9ctrica, renta, proveedores y empleados.<\/p>\n\n\n\n<p>\u201cEl impacto ha sido severo, la baja en las ventas, ha sido muy importante; estamos luchando por mantener los empleos que generamos, el panorama luce complicado, dado que los consumidores tienen miedo, pero aqu\u00ed en <em>Art Caf\u00e9 <\/em>mantenemos las condiciones sanitarias al pie de la letra, con la finalidad de que el comensal pueda asistir con toda la confianza\u201d.<\/p>\n\n\n\n<p>Tambi\u00e9n algunas cafeter\u00edas del Centro Hist\u00f3rico de Xalapa se han visto muy afectadas durante la contingencia sanitaria.<\/p>\n\n\n\n<p>Incluso, desde marzo pasado ya reportaban p\u00e9rdidas econ\u00f3micas de aproximadamente 80 por ciento.<\/p>\n\n\n\n<p><\/p>\n","protected":false},"excerpt":{"rendered":"<p>Juan Arcos Xalapa, Ver.- Cafeter\u00edas de distintos puntos de la ciudad de Xalapa han registrado p\u00e9rdidas del 90 por ciento en los \u00faltimos cuatro meses. Encargados de estos negocios consideran que las afectaciones por la pandemia del SARS-COV-2 (COVID-19) son considerables. De acuerdo con \u00d3scar Huerta, de una cafeter\u00eda que se encuentra en Plaza Museo, [&hellip;]<\/p>\n","protected":false},"author":1,"featured_media":4705,"comment_status":"open","ping_status":"open","sticky":false,"template":"","format":"standard","meta":{"_jetpack_memberships_contains_paid_content":false,"footnotes":""},"categories":[3],"tags":[],"class_list":["post-4704","post","type-post","status-publish","format-standard","has-post-thumbnail","hentry","category-xalapa"],"jetpack_featured_media_url":"https:\/\/encuentroinformativo.com.mx\/wp-content\/uploads\/2020\/08\/6E1917EE-3CB3-429A-863B-2C8A7C43E398.jpeg","jetpack_sharing_enabled":true,"jetpack_likes_enabled":true,"amp_enabled":true,"_links":{"self":[{"href":"https:\/\/encuentroinformativo.com.mx\/index.php?rest_route=\/wp\/v2\/posts\/4704","targetHints":{"allow":["GET"]}}],"collection":[{"href":"https:\/\/encuentroinformativo.com.mx\/index.php?rest_route=\/wp\/v2\/posts"}],"about":[{"href":"https:\/\/encuentroinformativo.com.mx\/index.php?rest_route=\/wp\/v2\/types\/post"}],"author":[{"embeddable":true,"href":"https:\/\/encuentroinformativo.com.mx\/index.php?rest_route=\/wp\/v2\/users\/1"}],"replies":[{"embeddable":true,"href":"https:\/\/encuentroinformativo.com.mx\/index.php?rest_route=%2Fwp%2Fv2%2Fcomments&post=4704"}],"version-history":[{"count":1,"href":"https:\/\/encuentroinformativo.com.mx\/index.php?rest_route=\/wp\/v2\/posts\/4704\/revisions"}],"predecessor-version":[{"id":4706,"href":"https:\/\/encuentroinformativo.com.mx\/index.php?rest_route=\/wp\/v2\/posts\/4704\/revisions\/4706"}],"wp:featuredmedia":[{"embeddable":true,"href":"https:\/\/encuentroinformativo.com.mx\/index.php?rest_route=\/wp\/v2\/media\/4705"}],"wp:attachment":[{"href":"https:\/\/encuentroinformativo.com.mx\/index.php?rest_route=%2Fwp%2Fv2%2Fmedia&parent=4704"}],"wp:term":[{"taxonomy":"category","embeddable":true,"href":"https:\/\/encuentroinformativo.com.mx\/index.php?rest_route=%2Fwp%2Fv2%2Fcategories&post=4704"},{"taxonomy":"post_tag","embeddable":true,"href":"https:\/\/encuentroinformativo.com.mx\/index.php?rest_route=%2Fwp%2Fv2%2Ftags&post=4704"}],"curies":[{"name":"wp","href":"https:\/\/api.w.org\/{rel}","templated":true}]}}