{"id":47041,"date":"2023-10-31T14:42:49","date_gmt":"2023-10-31T20:42:49","guid":{"rendered":"https:\/\/encuentroinformativo.com.mx\/?p=47041"},"modified":"2023-10-31T14:42:50","modified_gmt":"2023-10-31T20:42:50","slug":"vislumbra-canacintra-proceso-electoral-renido-piden-conocer-propuestas","status":"publish","type":"post","link":"https:\/\/encuentroinformativo.com.mx\/?p=47041","title":{"rendered":"Vislumbra CANACINTRA proceso electoral re\u00f1ido, piden conocer propuestas"},"content":{"rendered":"\n<p><strong>Dar\u00edo Pale <\/strong><\/p>\n\n\n\n<p>Xalapa, Ver.- Hacen un llamado a los aspirantes que buscan ocupar un cargo de elecci\u00f3n popular a acercarse a los empresarios y presentar las propuestas que tienen en torno al crecimiento econ\u00f3mico, as\u00ed como a escuchar las opiniones de quienes generen ingresos y empleos en el pa\u00eds y estado, as\u00ed lo se\u00f1al\u00f3 el vicepresidente regional Golfo de Canacintra, Juan Manuel Garc\u00eda Gonz\u00e1lez.<\/p>\n\n\n\n<p>En conferencia de prensa, manifest\u00f3 que el tema electoral es fundamental porque va a marcar lo que pasar\u00e1 en los pr\u00f3ximos seis a\u00f1os; sin embargo, los empresarios no han sido considerados por las autoridades para la toma de decisiones.<\/p>\n\n\n\n<p>Dio a conocer que de manera hist\u00f3rica las personas votan en consecuencia, es decir, que emiten un sufragio por el mismo partido pol\u00edtico para todos los cargos, por lo que el llamado para las pr\u00f3ximas elecciones es para que la ciudadan\u00eda escuche propuestas y reconozca a la persona no a la organizaci\u00f3n.<\/p>\n\n\n\n<p>\u201cHist\u00f3ricamente el voto para la presidencia de la Rep\u00fablica se hace y se realiza en consecuencia, pero actualmente se debe pensar la manera en que se va a votar, sabemos que hay clientelismo pol\u00edtico porque se les dan cosas a los agremiados, pero no es una situaci\u00f3n actual, lo que s\u00ed creo es que hay molestia en las personas ante las carencias que se viven\u201d, dijo.<\/p>\n\n\n\n<p>En su opini\u00f3n, es necesario que se aplique la conciencia y se emitan votos razonados, \u201chago un voto porque la conciencia sea razonada y si a ti te fue bien vas a seguir votando por el partido en el poder, pero si te hicieron a un lado, te ignoraron, no te dieron ayuda, votar\u00e1s de otra forma\u201d.<\/p>\n\n\n\n<p>Mencion\u00f3 que se vislumbra un proceso electoral re\u00f1ido y en el que cada candidato buscar\u00e1 obtener la mayor\u00eda de simpatizantes posibles para lograr colocarse en un puesto p\u00fablico.<\/p>\n\n\n\n<p>\u201cEl proceso electoral ser\u00e1 re\u00f1ido y competido, hoy todo mundo nos sonr\u00ede, hoy todos somos amigos, nosotros somos apartidistas y apartidistas y vamos a recibir a todo aquel que quiera acercarse a la c\u00e1mara, con todos los colores queremos platicar porque queremos escuchar propuestas, pero ser\u00e1 decisi\u00f3n de cada uno al ir a las urnas la decisi\u00f3n que tome\u201d, expres\u00f3.<\/p>\n\n\n\n<p>Consider\u00f3 que los actuales gobernantes deben analizar sobre las acciones que est\u00e1n desarrollando y lo que pretenden generar.<\/p>\n\n\n\n<p>\u201cNosotros pagamos nuestros impuestos, con los que se hacen acciones y muchas veces no estamos de acuerdo con las obras que se generan, por lo que somos \u00f3rganos obligados de consulta\u201d, dijo.<\/p>\n\n\n\n<p>Record\u00f3 que se llevaron a cabo foros informativos en todo el pa\u00eds, incluido Veracruz, en los que se presentaron diferentes posturas sobre el desarrollo econ\u00f3mico, social y educativo, por lo que se prev\u00e9 que se genere un documento que sea entregado a los candidatos, a fin de que analicen las propuestas generadas desde el \u00e1mbito empresarial.<\/p>\n\n\n\n<p>Finalmente se\u00f1al\u00f3 que, \u201cno hemos sido ignorados, pero s\u00ed nos ha hecho falta m\u00e1s acercamiento, cuando la pandemia pedimos diferir los impuestos que \u00edbamos a pagar, fue todo lo que pedimos, pero nunca nos hicieron caso, no se pudo, no es que estemos ignorados, pero quisi\u00e9ramos m\u00e1s relaci\u00f3n y la vamos a tener\u201d.<\/p>\n","protected":false},"excerpt":{"rendered":"<p>Dar\u00edo Pale Xalapa, Ver.- Hacen un llamado a los aspirantes que buscan ocupar un cargo de elecci\u00f3n popular a acercarse a los empresarios y presentar las propuestas que tienen en torno al crecimiento econ\u00f3mico, as\u00ed como a escuchar las opiniones de quienes generen ingresos y empleos en el pa\u00eds y estado, as\u00ed lo se\u00f1al\u00f3 el [&hellip;]<\/p>\n","protected":false},"author":2476,"featured_media":47042,"comment_status":"open","ping_status":"open","sticky":false,"template":"","format":"standard","meta":{"_jetpack_memberships_contains_paid_content":false,"footnotes":""},"categories":[3],"tags":[],"class_list":["post-47041","post","type-post","status-publish","format-standard","has-post-thumbnail","hentry","category-xalapa"],"jetpack_featured_media_url":"https:\/\/encuentroinformativo.com.mx\/wp-content\/uploads\/2023\/10\/IMG-20231031-WA0064.jpg","jetpack_sharing_enabled":true,"jetpack_likes_enabled":true,"amp_enabled":true,"_links":{"self":[{"href":"https:\/\/encuentroinformativo.com.mx\/index.php?rest_route=\/wp\/v2\/posts\/47041","targetHints":{"allow":["GET"]}}],"collection":[{"href":"https:\/\/encuentroinformativo.com.mx\/index.php?rest_route=\/wp\/v2\/posts"}],"about":[{"href":"https:\/\/encuentroinformativo.com.mx\/index.php?rest_route=\/wp\/v2\/types\/post"}],"author":[{"embeddable":true,"href":"https:\/\/encuentroinformativo.com.mx\/index.php?rest_route=\/wp\/v2\/users\/2476"}],"replies":[{"embeddable":true,"href":"https:\/\/encuentroinformativo.com.mx\/index.php?rest_route=%2Fwp%2Fv2%2Fcomments&post=47041"}],"version-history":[{"count":1,"href":"https:\/\/encuentroinformativo.com.mx\/index.php?rest_route=\/wp\/v2\/posts\/47041\/revisions"}],"predecessor-version":[{"id":47043,"href":"https:\/\/encuentroinformativo.com.mx\/index.php?rest_route=\/wp\/v2\/posts\/47041\/revisions\/47043"}],"wp:featuredmedia":[{"embeddable":true,"href":"https:\/\/encuentroinformativo.com.mx\/index.php?rest_route=\/wp\/v2\/media\/47042"}],"wp:attachment":[{"href":"https:\/\/encuentroinformativo.com.mx\/index.php?rest_route=%2Fwp%2Fv2%2Fmedia&parent=47041"}],"wp:term":[{"taxonomy":"category","embeddable":true,"href":"https:\/\/encuentroinformativo.com.mx\/index.php?rest_route=%2Fwp%2Fv2%2Fcategories&post=47041"},{"taxonomy":"post_tag","embeddable":true,"href":"https:\/\/encuentroinformativo.com.mx\/index.php?rest_route=%2Fwp%2Fv2%2Ftags&post=47041"}],"curies":[{"name":"wp","href":"https:\/\/api.w.org\/{rel}","templated":true}]}}