{"id":47051,"date":"2023-10-31T17:45:31","date_gmt":"2023-10-31T23:45:31","guid":{"rendered":"https:\/\/encuentroinformativo.com.mx\/?p=47051"},"modified":"2023-10-31T17:47:38","modified_gmt":"2023-10-31T23:47:38","slug":"se-mantendran-guardias-en-limpia-publica-alcalde","status":"publish","type":"post","link":"https:\/\/encuentroinformativo.com.mx\/?p=47051","title":{"rendered":"Se mantendr\u00e1n guardias en limpia p\u00fablica: Alcalde"},"content":{"rendered":"\n<p><strong>Dar\u00edo Pale <\/strong><\/p>\n\n\n\n<p>Xalapa, Ver.- El presidente municipal de Xalapa, Ricardo Ahued Bardahuil dio a conocer que habr\u00e1 guardias de Limpia P\u00fablica 1 y 2 de noviembre en Xalapa, aunque son d\u00edas feriados para los trabajadores municipales.<\/p>\n\n\n\n<p>El edil se\u00f1al\u00f3 que habr\u00e1 guardias para la recolecci\u00f3n de residuos a cargo de cuadrillas en distintas partes de la ciudad.<\/p>\n\n\n\n<p>En entrevista hizo un llamado a la poblaci\u00f3n para que no deposite su basura en lugares donde no pasa el cami\u00f3n recolector a fin de evitar que permanezcan los desechos en banquetas o calles de la ciudad.<\/p>\n\n\n\n<p>&#8220;Vamos a tener guardias, para que nos ayude la gente a no tirar basura, hay condiciones sindicales que tenemos que respetar, pero siempre hay guardias que van a hacer la labor&#8221;, dijo.<\/p>\n\n\n\n<p>Respecto a la obra p\u00fablica que se realiza en esta capital a cargo del ayuntamiento, inform\u00f3 que suman 262 calles a punto de cerrar en el ejercicio del presente a\u00f1o y 135 a cargo del ayuntamiento, considerando 954 acciones en promedio, entre mantenimiento de calles y obras de rehabilitaci\u00f3n.<\/p>\n\n\n\n<p>Finalmente Ahued Bardahuil destac\u00f3 el trabajo coordinado entre directores y trabajadores municipales para lograr dichas acciones.<\/p>\n","protected":false},"excerpt":{"rendered":"<p>Dar\u00edo Pale Xalapa, Ver.- El presidente municipal de Xalapa, Ricardo Ahued Bardahuil dio a conocer que habr\u00e1 guardias de Limpia P\u00fablica 1 y 2 de noviembre en Xalapa, aunque son d\u00edas feriados para los trabajadores municipales. El edil se\u00f1al\u00f3 que habr\u00e1 guardias para la recolecci\u00f3n de residuos a cargo de cuadrillas en distintas partes de [&hellip;]<\/p>\n","protected":false},"author":2476,"featured_media":47052,"comment_status":"open","ping_status":"open","sticky":false,"template":"","format":"standard","meta":{"_jetpack_memberships_contains_paid_content":false,"footnotes":""},"categories":[3],"tags":[],"class_list":["post-47051","post","type-post","status-publish","format-standard","has-post-thumbnail","hentry","category-xalapa"],"jetpack_featured_media_url":"https:\/\/encuentroinformativo.com.mx\/wp-content\/uploads\/2023\/10\/IMG-20231031-WA00442.jpg","jetpack_sharing_enabled":true,"jetpack_likes_enabled":true,"amp_enabled":true,"_links":{"self":[{"href":"https:\/\/encuentroinformativo.com.mx\/index.php?rest_route=\/wp\/v2\/posts\/47051","targetHints":{"allow":["GET"]}}],"collection":[{"href":"https:\/\/encuentroinformativo.com.mx\/index.php?rest_route=\/wp\/v2\/posts"}],"about":[{"href":"https:\/\/encuentroinformativo.com.mx\/index.php?rest_route=\/wp\/v2\/types\/post"}],"author":[{"embeddable":true,"href":"https:\/\/encuentroinformativo.com.mx\/index.php?rest_route=\/wp\/v2\/users\/2476"}],"replies":[{"embeddable":true,"href":"https:\/\/encuentroinformativo.com.mx\/index.php?rest_route=%2Fwp%2Fv2%2Fcomments&post=47051"}],"version-history":[{"count":2,"href":"https:\/\/encuentroinformativo.com.mx\/index.php?rest_route=\/wp\/v2\/posts\/47051\/revisions"}],"predecessor-version":[{"id":47054,"href":"https:\/\/encuentroinformativo.com.mx\/index.php?rest_route=\/wp\/v2\/posts\/47051\/revisions\/47054"}],"wp:featuredmedia":[{"embeddable":true,"href":"https:\/\/encuentroinformativo.com.mx\/index.php?rest_route=\/wp\/v2\/media\/47052"}],"wp:attachment":[{"href":"https:\/\/encuentroinformativo.com.mx\/index.php?rest_route=%2Fwp%2Fv2%2Fmedia&parent=47051"}],"wp:term":[{"taxonomy":"category","embeddable":true,"href":"https:\/\/encuentroinformativo.com.mx\/index.php?rest_route=%2Fwp%2Fv2%2Fcategories&post=47051"},{"taxonomy":"post_tag","embeddable":true,"href":"https:\/\/encuentroinformativo.com.mx\/index.php?rest_route=%2Fwp%2Fv2%2Ftags&post=47051"}],"curies":[{"name":"wp","href":"https:\/\/api.w.org\/{rel}","templated":true}]}}