{"id":47058,"date":"2023-11-01T13:05:53","date_gmt":"2023-11-01T19:05:53","guid":{"rendered":"https:\/\/encuentroinformativo.com.mx\/?p=47058"},"modified":"2023-11-01T13:05:54","modified_gmt":"2023-11-01T19:05:54","slug":"insistira-diputada-contra-eric-cisneros-por-violencia-de-genero","status":"publish","type":"post","link":"https:\/\/encuentroinformativo.com.mx\/?p=47058","title":{"rendered":"Insistir\u00e1 diputada contra Eric Cisneros por violencia de g\u00e9nero"},"content":{"rendered":"\n<p><strong>Alejandro \u00c1vila<\/strong><\/p>\n\n\n\n<p>Jamapa, Ver.- En noviembre de 2023 la alcaldesa de Jamapa, Florisel R\u00edos Delf\u00edn, fue asesinada despu\u00e9s de que, presuntamente, el entonces secretario de Gobierno, Eric Cisneros, le habr\u00eda quitado los escoltas.<\/p>\n\n\n\n<p>Espec\u00edficamente el d\u00eda once de noviembre se cumplen 3 a\u00f1os del artero y cobarde asesinato de la alcaldesa de Jamapa (PRD), Floricel R\u00edos Delf\u00edn, misma que fue ejecutada por sujetos que aprovecharon que el entonces secretario de Gobierno, Eric Cisneros Burgos, la dej\u00f3 vulnerable al quitarle las escoltas y negarle toda protecci\u00f3n.<\/p>\n\n\n\n<p>Antes de ser asesinada, la edil dio una entrevista al diario Reforma en donde denuncia que Cisneros Burgos la puso en situaci\u00f3n de riesgo todo porque no quiso rendirle pleites\u00eda ni someterse a sus caprichos, como otros alcaldes y alcaldesas a las que acostumbraba pisotear.<\/p>\n\n\n\n<p>En esa entrevista la edil cuenta que siente mucho miedo ante amenazas constantes que le llegaban, y pese a que acudi\u00f3 a Cisneros Burgos para pedirle apoyo, este le dio la espalda, pues le quit\u00f3 la escolta y le desarm\u00f3 a la Polic\u00eda Municipal, adem\u00e1s de que la amenaz\u00f3.<\/p>\n\n\n\n<p>La alcaldesa se\u00f1al\u00f3 directamente al ahora ex secretario de Gobierno como responsable de haberla dejado en situaci\u00f3n vulnerable, pues a pesar de que contaba con Polic\u00edas Municipales que la cuidaban, Cisneros orden\u00f3 que fueran desarmados, todo por diferencias pol\u00edticas.<\/p>\n\n\n\n<p>Por ello la relevancia del juicio SX-JDC-289\/2023, promovido por la diputada local, Ruth Callejas, ante la Sala Regional del Tribunal Electoral del Poder Judicial de la Federaci\u00f3n (TEPJF), que busca castigar a Cisneros Burgos por ejercer violencia pol\u00edtica y de g\u00e9nero contra la mujer.<\/p>\n\n\n\n<p>En la entrevista con El Reforma, la alcaldesa de Jamapa expuso que Cisneros Burgos la maltrat\u00f3 y humill\u00f3 de forma terrible durante su encuentro, con malas palabras y acoso, incluso le dijo que la iba a meter&nbsp; a la c\u00e1rcel a ella y a su esposo, Fernando Hern\u00e1ndez, todo porque eran de una l\u00ednea pol\u00edtica distinta a Cisneros.<\/p>\n\n\n\n<p>Despu\u00e9s de que su esposa fue asesinada, Fernando Hern\u00e1ndez, finalmente fue detenido y enviado a la c\u00e1rcel.<\/p>\n\n\n\n<p>Despu\u00e9s del asesinato de la alcaldesa de Jamapa, Cisneros recibi\u00f3 cientos de cr\u00edticas y reclamos, igualmente ped\u00edan su renuncia, pero el gobernador Cuitl\u00e1huac Garc\u00eda Jim\u00e9nez le dio m\u00e1s impunidad y lo protegi\u00f3 pese a que todos ped\u00edan su cabeza.<\/p>\n\n\n\n<p>Una situaci\u00f3n similar vivi\u00f3 la alcaldesa de Ixhuatl\u00e1n del Caf\u00e9, Viridiana Bret\u00f3n, otra mujer que no accedi\u00f3 a ser t\u00edtere de Cisneros y termin\u00f3 varios meses en la c\u00e1rcel con delitos inventados, castigada por no acceder a las pretenciones y acosos del de Otatitl\u00e1n.<\/p>\n\n\n\n<p>Por eso es relevante la lucha de la diputada Ruth Callejas, qui\u00e9n busca que castiguen al ex secretario de Gobierno por sus acciones de violencia pol\u00edtica contra la mujer, por medio de los tribunales, y se est\u00e1 logrando pues ahora hasta los alcaldes, alcaldesas y diputadas que respaldaron a Cisneros, atacando a la diputada Ruth Callejas mediante un desplegado.<\/p>\n","protected":false},"excerpt":{"rendered":"<p>Alejandro \u00c1vila Jamapa, Ver.- En noviembre de 2023 la alcaldesa de Jamapa, Florisel R\u00edos Delf\u00edn, fue asesinada despu\u00e9s de que, presuntamente, el entonces secretario de Gobierno, Eric Cisneros, le habr\u00eda quitado los escoltas. Espec\u00edficamente el d\u00eda once de noviembre se cumplen 3 a\u00f1os del artero y cobarde asesinato de la alcaldesa de Jamapa (PRD), Floricel [&hellip;]<\/p>\n","protected":false},"author":2476,"featured_media":36566,"comment_status":"open","ping_status":"open","sticky":false,"template":"","format":"standard","meta":{"_jetpack_memberships_contains_paid_content":false,"footnotes":""},"categories":[2],"tags":[],"class_list":["post-47058","post","type-post","status-publish","format-standard","has-post-thumbnail","hentry","category-estado"],"jetpack_featured_media_url":"https:\/\/encuentroinformativo.com.mx\/wp-content\/uploads\/2023\/02\/Photo_1675972626100.jpg","jetpack_sharing_enabled":true,"jetpack_likes_enabled":true,"amp_enabled":true,"_links":{"self":[{"href":"https:\/\/encuentroinformativo.com.mx\/index.php?rest_route=\/wp\/v2\/posts\/47058","targetHints":{"allow":["GET"]}}],"collection":[{"href":"https:\/\/encuentroinformativo.com.mx\/index.php?rest_route=\/wp\/v2\/posts"}],"about":[{"href":"https:\/\/encuentroinformativo.com.mx\/index.php?rest_route=\/wp\/v2\/types\/post"}],"author":[{"embeddable":true,"href":"https:\/\/encuentroinformativo.com.mx\/index.php?rest_route=\/wp\/v2\/users\/2476"}],"replies":[{"embeddable":true,"href":"https:\/\/encuentroinformativo.com.mx\/index.php?rest_route=%2Fwp%2Fv2%2Fcomments&post=47058"}],"version-history":[{"count":1,"href":"https:\/\/encuentroinformativo.com.mx\/index.php?rest_route=\/wp\/v2\/posts\/47058\/revisions"}],"predecessor-version":[{"id":47059,"href":"https:\/\/encuentroinformativo.com.mx\/index.php?rest_route=\/wp\/v2\/posts\/47058\/revisions\/47059"}],"wp:featuredmedia":[{"embeddable":true,"href":"https:\/\/encuentroinformativo.com.mx\/index.php?rest_route=\/wp\/v2\/media\/36566"}],"wp:attachment":[{"href":"https:\/\/encuentroinformativo.com.mx\/index.php?rest_route=%2Fwp%2Fv2%2Fmedia&parent=47058"}],"wp:term":[{"taxonomy":"category","embeddable":true,"href":"https:\/\/encuentroinformativo.com.mx\/index.php?rest_route=%2Fwp%2Fv2%2Fcategories&post=47058"},{"taxonomy":"post_tag","embeddable":true,"href":"https:\/\/encuentroinformativo.com.mx\/index.php?rest_route=%2Fwp%2Fv2%2Ftags&post=47058"}],"curies":[{"name":"wp","href":"https:\/\/api.w.org\/{rel}","templated":true}]}}