{"id":47063,"date":"2023-10-31T18:23:00","date_gmt":"2023-11-01T00:23:00","guid":{"rendered":"https:\/\/encuentroinformativo.com.mx\/?p=47063"},"modified":"2023-11-01T13:25:42","modified_gmt":"2023-11-01T19:25:42","slug":"deja-afectaciones-vientos-del-norte-ocasionados-por-frente-frio","status":"publish","type":"post","link":"https:\/\/encuentroinformativo.com.mx\/?p=47063","title":{"rendered":"Deja afectaciones vientos del norte ocasionados por frente fr\u00edo"},"content":{"rendered":"\n<p><strong>Juan Arcos <\/strong><\/p>\n\n\n\n<p>Xalapa, Ver.- Las fuertes rachas de viento asociadas al paso del frente fr\u00edo n\u00famero ocho ocasionaron afectaciones en al menos tres municipios del estado de Veracruz, donde contin\u00faan las lluvias, el descenso de la temperatura y evento de norte en la zona costera.<\/p>\n\n\n\n<p>La Secretar\u00eda de Protecci\u00f3n Civil, a cargo de Guadalupe Osorno Maldonado, inform\u00f3 que, en coordinaci\u00f3n con autoridades municipales, mantiene acciones de vigilancia y monitoreo ante los efectos de dicho sistema frontal.<\/p>\n\n\n\n<p>Debido a las condiciones clim\u00e1ticas fue cerrada la navegaci\u00f3n menor y mayor en los puertos de la entidad veracruzana, pues las rachas alcanzaron los 100 kil\u00f3metros por hora.<\/p>\n\n\n\n<p>En Tierra Blanca, se report\u00f3 la ca\u00edda de la estructura de un techo en una gasolinera de la colonia Zaragoza, donde dos empleados realizaban tareas de mantenimiento y resultaron heridos.<\/p>\n\n\n\n<p>Esto ocurri\u00f3 durante la tarde de este martes 31 de octubre, donde las rachas de viento alcanzaron m\u00e1s de 96 kil\u00f3metros por hora y, por ello, el techo de la gasolinera no resisti\u00f3 y colaps\u00f3.<\/p>\n\n\n\n<p>Las fuerzas de tarea tambi\u00e9n reportan la ca\u00edda de un poste sobre un autom\u00f3vil en el puerto de Veracruz, as\u00ed como la ca\u00edda de una secci\u00f3n de fachada de un centro comercial en Coatzacoalcos, que da\u00f1\u00f3 un taxi estacionado.<\/p>\n\n\n\n<p>Al momento, los equipos de PC estatal mantienen los recorridos de vigilancia y corroboraci\u00f3n de afectaciones junto con fuerzas municipales, y se recomienda a la poblaci\u00f3n atender a las recomendaciones de las autoridades en su zona.<\/p>\n\n\n\n<p>En la zona conurbada Veracruz-Boca del R\u00edo permanecer\u00e1n cerradas las playas y el bulevar Manuel \u00c1vila Camacho hasta el mi\u00e9rcoles 1 de noviembre, debido al viento de norte que persiste.<\/p>\n\n\n\n<p>Tambi\u00e9n hay reporte de ocho \u00e1rboles ca\u00eddos, da\u00f1os a un sem\u00e1foro y desprendimiento de tablas o l\u00e1minas en el municipio de Boca del R\u00edo.<\/p>\n\n\n\n<p>Mientras tanto, el ayuntamiento de Coatzacoalcos determin\u00f3 el retiro de las catrinas monumentales que se instalaron en el parque Independencia, para evitar mayores da\u00f1os debido a las fuertes rachas de viento.<\/p>\n\n\n\n<figure class=\"wp-block-image size-large\"><img loading=\"lazy\" decoding=\"async\" width=\"1024\" height=\"576\" src=\"https:\/\/encuentroinformativo.com.mx\/wp-content\/uploads\/2023\/11\/5dd9145d-f0e2-4005-b416-2ea56644036a-1024x576.jpg\" alt=\"\" class=\"wp-image-47065\" srcset=\"https:\/\/encuentroinformativo.com.mx\/wp-content\/uploads\/2023\/11\/5dd9145d-f0e2-4005-b416-2ea56644036a-1024x576.jpg 1024w, https:\/\/encuentroinformativo.com.mx\/wp-content\/uploads\/2023\/11\/5dd9145d-f0e2-4005-b416-2ea56644036a-300x169.jpg 300w, https:\/\/encuentroinformativo.com.mx\/wp-content\/uploads\/2023\/11\/5dd9145d-f0e2-4005-b416-2ea56644036a-768x432.jpg 768w, https:\/\/encuentroinformativo.com.mx\/wp-content\/uploads\/2023\/11\/5dd9145d-f0e2-4005-b416-2ea56644036a-1536x864.jpg 1536w, https:\/\/encuentroinformativo.com.mx\/wp-content\/uploads\/2023\/11\/5dd9145d-f0e2-4005-b416-2ea56644036a.jpg 1599w\" sizes=\"auto, (max-width: 1024px) 100vw, 1024px\" \/><\/figure>\n","protected":false},"excerpt":{"rendered":"<p>Juan Arcos Xalapa, Ver.- Las fuertes rachas de viento asociadas al paso del frente fr\u00edo n\u00famero ocho ocasionaron afectaciones en al menos tres municipios del estado de Veracruz, donde contin\u00faan las lluvias, el descenso de la temperatura y evento de norte en la zona costera. La Secretar\u00eda de Protecci\u00f3n Civil, a cargo de Guadalupe Osorno [&hellip;]<\/p>\n","protected":false},"author":2476,"featured_media":47064,"comment_status":"open","ping_status":"open","sticky":false,"template":"","format":"standard","meta":{"_jetpack_memberships_contains_paid_content":false,"footnotes":""},"categories":[2],"tags":[],"class_list":["post-47063","post","type-post","status-publish","format-standard","has-post-thumbnail","hentry","category-estado"],"jetpack_featured_media_url":"https:\/\/encuentroinformativo.com.mx\/wp-content\/uploads\/2023\/11\/3ad503e5-2796-4e5e-80b3-d61c91670980.jpg","jetpack_sharing_enabled":true,"jetpack_likes_enabled":true,"amp_enabled":true,"_links":{"self":[{"href":"https:\/\/encuentroinformativo.com.mx\/index.php?rest_route=\/wp\/v2\/posts\/47063","targetHints":{"allow":["GET"]}}],"collection":[{"href":"https:\/\/encuentroinformativo.com.mx\/index.php?rest_route=\/wp\/v2\/posts"}],"about":[{"href":"https:\/\/encuentroinformativo.com.mx\/index.php?rest_route=\/wp\/v2\/types\/post"}],"author":[{"embeddable":true,"href":"https:\/\/encuentroinformativo.com.mx\/index.php?rest_route=\/wp\/v2\/users\/2476"}],"replies":[{"embeddable":true,"href":"https:\/\/encuentroinformativo.com.mx\/index.php?rest_route=%2Fwp%2Fv2%2Fcomments&post=47063"}],"version-history":[{"count":1,"href":"https:\/\/encuentroinformativo.com.mx\/index.php?rest_route=\/wp\/v2\/posts\/47063\/revisions"}],"predecessor-version":[{"id":47066,"href":"https:\/\/encuentroinformativo.com.mx\/index.php?rest_route=\/wp\/v2\/posts\/47063\/revisions\/47066"}],"wp:featuredmedia":[{"embeddable":true,"href":"https:\/\/encuentroinformativo.com.mx\/index.php?rest_route=\/wp\/v2\/media\/47064"}],"wp:attachment":[{"href":"https:\/\/encuentroinformativo.com.mx\/index.php?rest_route=%2Fwp%2Fv2%2Fmedia&parent=47063"}],"wp:term":[{"taxonomy":"category","embeddable":true,"href":"https:\/\/encuentroinformativo.com.mx\/index.php?rest_route=%2Fwp%2Fv2%2Fcategories&post=47063"},{"taxonomy":"post_tag","embeddable":true,"href":"https:\/\/encuentroinformativo.com.mx\/index.php?rest_route=%2Fwp%2Fv2%2Ftags&post=47063"}],"curies":[{"name":"wp","href":"https:\/\/api.w.org\/{rel}","templated":true}]}}