{"id":47074,"date":"2023-11-01T14:58:50","date_gmt":"2023-11-01T20:58:50","guid":{"rendered":"https:\/\/encuentroinformativo.com.mx\/?p=47074"},"modified":"2023-11-01T14:58:51","modified_gmt":"2023-11-01T20:58:51","slug":"arranca-en-veracruz-proceso-electoral-2023-2024-ine","status":"publish","type":"post","link":"https:\/\/encuentroinformativo.com.mx\/?p=47074","title":{"rendered":"Arranca en Veracruz, proceso electoral 2023-2024: INE"},"content":{"rendered":"\n<p><strong>Dar\u00edo Pale <\/strong><\/p>\n\n\n\n<p>Xalapa, Ver.- En Veracruz inici\u00f3 de manera formal el proceso electoral 2023-2024, con la sesi\u00f3n de instalaci\u00f3n del Consejo Local del INE en el cual ser\u00e1 concurrente, por lo que la ciudadan\u00eda elegir\u00e1 diputados federales, senadores, diputados locales y la gubernatura.<\/p>\n\n\n\n<p>El consejero presidente del la Junta Local del organismo, Josu\u00e9 Cervantes Mart\u00ednez, asegur\u00f3 que para garantizar la democracia se \u00a0dise\u00f1\u00f3 un andamiaje electoral robusto, con reglas claras de competencia en las que con toda puntualidad se encuentran establecidos los par\u00e1metros para la definici\u00f3n de los tiempos para la promoci\u00f3n de las candidaturas.<\/p>\n\n\n\n<p>En el mensaje inicial pidi\u00f3 a todos los actores pol\u00edticos respetar reglas y civilidad para que el proceso electoral se realice en condiciones de seguridad e igualdad, a fin de garantizar que la transmisi\u00f3n del poder pol\u00edtico transcurra en un contexto de paz social, tal y como ha sido siempre en el estado de Veracruz.<\/p>\n\n\n\n<p>Defendi\u00f3 la labor del INE y el OPLE al se\u00f1alar que ambos organismo tienen la convicci\u00f3n institucional y han hecho acuerdos para desarrollar los instrumentos jur\u00eddicos que norman la coordinaci\u00f3n federal y electoral.<\/p>\n\n\n\n<p>&#8220;Esperamos que a ello se sumen la dem\u00e1s autoridades e instituciones del estado para hacer del proceso electoral concurrente 2023-2024 una justa comicial libre de compra y coacci\u00f3n del voto, libre de intromisi\u00f3n de poderes f\u00e1cticos y libre de violencia pol\u00edtica en raz\u00f3n de g\u00e9nero&#8221;, se\u00f1al\u00f3.<\/p>\n\n\n\n<p>Destac\u00f3 que se realizar\u00e1 la vigilancia de la distribuci\u00f3n de los tiempos en radio y televisi\u00f3n, los l\u00edmites del gasto y la fiscalizaci\u00f3n de los recursos p\u00fablicos y privados, los medios de impugnaci\u00f3n para hacer valer las inconformidades y los mecanismos para desahogar las quejas y denuncias que se interpongan ante la posible comisi\u00f3n de faltas administrativas que alteren el equilibrio de la contienda electoral o pretendan vulnerar el derecho de las mujeres a participar en condiciones libres de violencia pol\u00edtica de g\u00e9nero, entre otras medidas de contenci\u00f3n a la tentaci\u00f3n autoritaria.<\/p>\n\n\n\n<p>Adem\u00e1s, se contar\u00e1 con medidas de nivelaci\u00f3n incluyentes que propicien una participaci\u00f3n aut\u00e9ntica y garante de triunfos efectivos de personas hist\u00f3ricamente excluidas; enti\u00e9ndase, poblaci\u00f3n ind\u00edgena y afromexicana, y personas con discapacidad, de la diversidad sexo gen\u00e9rica, migrantes y, ahora tambi\u00e9n, en situaci\u00f3n de pobreza.<\/p>\n\n\n\n<p>&#8220;En fin, reglas claras previamente conocidas por quienes busquen contender por un cargo de elecci\u00f3n popular, para que nadie se llame sorprendido y pretenda fundar en un supuesto desconocimiento de la normativa aplicable un triunfo que no le fue conferido por voto popular&#8221;, coment\u00f3.<\/p>\n\n\n\n<p>Paralelamente, se\u00f1alo la basta producci\u00f3n electoral incorpora novedades que ampl\u00edan el espectro del reconocimiento de los derechos pol\u00edtico-electorales de personas que por sus condiciones de movilidad poblacional, de salud y de \u00edndole jur\u00eddicas, han visto limitado, si no es que imposibilitado, su derecho al sufragio efectivo.\u00a0<\/p>\n\n\n\n<p>&#8220;Me refiero a la posibilidad del voto en el extranjero en sus tres posibles modalidades: postal, por Internet o presencial en sedes consulares; as\u00ed como al voto de las personas en situaci\u00f3n de postraci\u00f3n y al voto de las personas en prisi\u00f3n preventiva&#8221;, expuso.<\/p>\n\n\n\n<p>Puntualiz\u00f3 que de esta manera se refrenda que las elecciones son organizadas por la ciudadan\u00eda y se instituyen en beneficio del pueblo, de lo que se sigue que ser\u00e1 la m\u00e1s amplia participaci\u00f3n ciudadana la que legitime los cargos p\u00fablicos electos en el proceso electoral.<\/p>\n\n\n\n<p>Ante ello, realiz\u00f3 un llamado a la ciudadan\u00eda veracruzana para sumarse a la preparaci\u00f3n y vigilancia del proceso electoral.<\/p>\n\n\n\n<p>&#8220;Que lo haga a trav\u00e9s de la forma de participaci\u00f3n que m\u00e1s se ajuste a sus pretensiones o convicciones personales; ya sea, como parte de esta autoridad electoral atendiendo cualquiera de nuestras convocatorias para actuar como personas consejeras electorales distritales o como supervisoras o capacitadoras asistentes electorales o haciendo observaci\u00f3n electoral; o podr\u00eda ser representando ante casilla a cualquiera de las fuerzas contendientes; o como funcionarias y funcionarios de las propias mesas directiva de casilla; o, mejor a\u00fan, asistiendo copiosamente a votar&#8221;, manifest\u00f3.<\/p>\n\n\n\n<p>Solicit\u00f3 a la ciudadan\u00eda acudir a las urnas y pronunciarse libremente &#8220;en la intimidad de la mampara y que su voto sea lo m\u00e1s informado y razonado posible, son los postulados b\u00e1sicos de todo estado democr\u00e1tico de derecho&#8221;.<\/p>\n\n\n\n<p>Finalmente cabe se\u00f1alar que en la instalaci\u00f3n del consejo estuvieron presentes consejeros, representantes de partidos pol\u00edticos e integrantes del Organismo P\u00fablico Local Electoral (OPLE) Veracruz, se realiz\u00f3 la primera sesi\u00f3n relacionada con la organizaci\u00f3n de los comicios a desarrollarse en junio de 2024.<\/p>\n\n\n\n<figure class=\"wp-block-image size-large\"><img loading=\"lazy\" decoding=\"async\" width=\"1024\" height=\"586\" src=\"https:\/\/encuentroinformativo.com.mx\/wp-content\/uploads\/2023\/11\/IMG-20231101-WA0056.jpg\" alt=\"\" class=\"wp-image-47076\" srcset=\"https:\/\/encuentroinformativo.com.mx\/wp-content\/uploads\/2023\/11\/IMG-20231101-WA0056.jpg 1024w, https:\/\/encuentroinformativo.com.mx\/wp-content\/uploads\/2023\/11\/IMG-20231101-WA0056-300x172.jpg 300w, https:\/\/encuentroinformativo.com.mx\/wp-content\/uploads\/2023\/11\/IMG-20231101-WA0056-768x440.jpg 768w\" sizes=\"auto, (max-width: 1024px) 100vw, 1024px\" \/><\/figure>\n","protected":false},"excerpt":{"rendered":"<p>Dar\u00edo Pale Xalapa, Ver.- En Veracruz inici\u00f3 de manera formal el proceso electoral 2023-2024, con la sesi\u00f3n de instalaci\u00f3n del Consejo Local del INE en el cual ser\u00e1 concurrente, por lo que la ciudadan\u00eda elegir\u00e1 diputados federales, senadores, diputados locales y la gubernatura. El consejero presidente del la Junta Local del organismo, Josu\u00e9 Cervantes Mart\u00ednez, [&hellip;]<\/p>\n","protected":false},"author":2476,"featured_media":47075,"comment_status":"open","ping_status":"open","sticky":false,"template":"","format":"standard","meta":{"_jetpack_memberships_contains_paid_content":false,"footnotes":""},"categories":[2],"tags":[],"class_list":["post-47074","post","type-post","status-publish","format-standard","has-post-thumbnail","hentry","category-estado"],"jetpack_featured_media_url":"https:\/\/encuentroinformativo.com.mx\/wp-content\/uploads\/2023\/11\/IMG-20231101-WA0055.jpg","jetpack_sharing_enabled":true,"jetpack_likes_enabled":true,"amp_enabled":true,"_links":{"self":[{"href":"https:\/\/encuentroinformativo.com.mx\/index.php?rest_route=\/wp\/v2\/posts\/47074","targetHints":{"allow":["GET"]}}],"collection":[{"href":"https:\/\/encuentroinformativo.com.mx\/index.php?rest_route=\/wp\/v2\/posts"}],"about":[{"href":"https:\/\/encuentroinformativo.com.mx\/index.php?rest_route=\/wp\/v2\/types\/post"}],"author":[{"embeddable":true,"href":"https:\/\/encuentroinformativo.com.mx\/index.php?rest_route=\/wp\/v2\/users\/2476"}],"replies":[{"embeddable":true,"href":"https:\/\/encuentroinformativo.com.mx\/index.php?rest_route=%2Fwp%2Fv2%2Fcomments&post=47074"}],"version-history":[{"count":1,"href":"https:\/\/encuentroinformativo.com.mx\/index.php?rest_route=\/wp\/v2\/posts\/47074\/revisions"}],"predecessor-version":[{"id":47077,"href":"https:\/\/encuentroinformativo.com.mx\/index.php?rest_route=\/wp\/v2\/posts\/47074\/revisions\/47077"}],"wp:featuredmedia":[{"embeddable":true,"href":"https:\/\/encuentroinformativo.com.mx\/index.php?rest_route=\/wp\/v2\/media\/47075"}],"wp:attachment":[{"href":"https:\/\/encuentroinformativo.com.mx\/index.php?rest_route=%2Fwp%2Fv2%2Fmedia&parent=47074"}],"wp:term":[{"taxonomy":"category","embeddable":true,"href":"https:\/\/encuentroinformativo.com.mx\/index.php?rest_route=%2Fwp%2Fv2%2Fcategories&post=47074"},{"taxonomy":"post_tag","embeddable":true,"href":"https:\/\/encuentroinformativo.com.mx\/index.php?rest_route=%2Fwp%2Fv2%2Ftags&post=47074"}],"curies":[{"name":"wp","href":"https:\/\/api.w.org\/{rel}","templated":true}]}}