{"id":4710,"date":"2020-08-07T07:16:10","date_gmt":"2020-08-07T12:16:10","guid":{"rendered":"https:\/\/encuentroinformativo.com\/?p=4710"},"modified":"2020-08-07T02:20:17","modified_gmt":"2020-08-07T07:20:17","slug":"la-gente-que-empieza-a-irse-del-poder-judicial","status":"publish","type":"post","link":"https:\/\/encuentroinformativo.com.mx\/?p=4710","title":{"rendered":"LA GENTE QUE EMPIEZA A IRSE DEL PODER JUDICIAL"},"content":{"rendered":"\n<p><strong>+ Alerta de EEUU no proh\u00edbe viajar a Veracruz.<br>+ M\u00e1s pol\u00edticos veracruzanos infectados de Covid-19.<br>+ Grito de Independencia en Veracruz ser\u00e1 virtual.<br>+ Violencia de g\u00e9nero en Altotonga y Coatzacoalcos.<br><br><em>Ya llegamos a los 3 mil en Veracruz y a Fernandito le vale madre\u2026<br>&#8211;Chopenjawer<\/em><\/strong><\/p>\n\n\n\n<p><a href=\"outlook-data-detector:\/\/0\">Este mi\u00e9rcoles<\/a>, en la sede del Poder Judicial, hubo evento de bienvenida a las nuevas magistradas y magistrado, que recientemente rindieron protesta ante el Congreso del Estado.<\/p>\n\n\n\n<p>El evento acaso habr\u00e1 durado poco m\u00e1s de una hora; fue muy r\u00e1pido: iniciaron con el protocolo, les asignaron sala y se fueron. Estaba programado para&nbsp;<a href=\"outlook-data-detector:\/\/1\">las dos de la tarde<\/a>, pero tuvieron que esperar un mont\u00f3n en lo que el pleno del Consejo de la Judicatura se agarraba (otra vez) a cocolazos y finalmente comenz\u00f3 todo como&nbsp;<a href=\"outlook-data-detector:\/\/2\">a las 16:30<\/a>&nbsp;horas.<\/p>\n\n\n\n<p>C\u00f3mo habr\u00e1n estado los cocolazos que mientras el magistrado consejero Pedro Luis Reyes Mar\u00edn andaba caminando muy tranquilo en el auditorio, esperando la ceremonia de bienvenida, arriba estaba trat\u00e1ndose el tema de su renuncia&#8230; de la cual no estaba ni por enterado&#8230; Al final, cuando se abri\u00f3 la puerta del pleno, lleg\u00f3 su gente, su chofer, su hijo y que se lo llevan.<\/p>\n\n\n\n<p><a href=\"outlook-data-detector:\/\/3\">Este jueves<\/a>, nuevamente hubo sesi\u00f3n y hubo cambios que ya marcan de entrada lo que ser\u00e1 el futuro del Poder Judicial, que dicho sea de paso, ya necesita una limpieza y sacudida urgente de corruptos y gente que ha hecho, de recomendar amigos en los cargos, su modus vivendi.<\/p>\n\n\n\n<p>Uno de estos cambios que cimbr\u00f3 (Cascarita dixit) al Poder Judicial fue el cambio de titular de la Direcci\u00f3n General de Administraci\u00f3n del Consejo de la Judicatura, entrando al cargo Joana Marlen Bautista Flores en relevo de Hern\u00e1n Garc\u00eda Sobrevilla.<\/p>\n\n\n\n<p>Proveniente de la Secretar\u00eda de Finanzas y Planeaci\u00f3n (una de las \u00e1reas fuertes de la administraci\u00f3n estatal; no pierdan de vista al secre Lima Franco), Joana Bautista ya ha laborado como jefa en el Tribunal Superior de Justicia de Veracruz.<\/p>\n\n\n\n<p>Como se recordar\u00e1, en recientes d\u00edas hubo una serie de cambios en el Poder Judicial, donde incluso tambi\u00e9n ya rindieron protesta ante el Congreso del Estado, cinco nuevas magistradas y un magistrado, adem\u00e1s de otras disposiciones que redujeron el poder y control de la magistrada presidenta, Sof\u00eda Mart\u00ednez Huerta.<\/p>\n\n\n\n<p>La actual legislatura reform\u00f3 diversos art\u00edculos de la Ley Org\u00e1nica, entre lo que destaca que tanto en las sesiones del Tribunal como las del Consejo s\u00f3lo es requerida la presencia de tres integrantes (suficiente para la legalidad de acuerdos) y se prescinde de la figura del presidente del Tribunal Superior de Justicia.<\/p>\n\n\n\n<p>Tambi\u00e9n se sabe que en d\u00edas por venir habr\u00e1 otros cambios relevantes.<\/p>\n\n\n\n<p>Dicen que todo apunta a que los magistrados amparados ganar\u00edan, en teor\u00eda, porque les asiste lo legal; pero la verdad es que este asunto es pol\u00edtico y se duda mucho que se hayan aventado los cambios de magistrados nada m\u00e1s as\u00ed como el Borras.<\/p>\n\n\n\n<p>Basta recordar que lo mismo dec\u00edan del nombramiento de la fiscala Ver\u00f3nica Hern\u00e1ndez: que se iba a caer, que no iba a llegar, etc., pero al final de cuentas no se puede ser tan iluso para pensar que lo jur\u00eddico est\u00e1 por encima de lo pol\u00edtico.<\/p>\n\n\n\n<p>De hecho, los mismos magistrados han hecho pol\u00edtica o son pol\u00edticos, as\u00ed que, en teor\u00eda, saben que hay momentos donde lo mejor es ir preparando la retirada cuando ya no se encaja en un nuevo proyecto, especialmente despu\u00e9s de muchos a\u00f1os de estar en el servicio p\u00fablico.<\/p>\n\n\n\n<p>Eso pasa en M\u00e9xico y en cualquier parte del mundo, as\u00ed que no se azoten.<\/p>\n\n\n\n<p><strong>NOTA PARA PEGAR EN EL REFRI:<\/strong>&nbsp;En el contexto de la pandemia y de la incidencia delictiva, la Embajada de Estados Unidos en M\u00e9xico, este jueves 6 de agosto, dio a conocer una relaci\u00f3n de estados de la Rep\u00fablica a los que los empleados del gobierno norteamericano tienen prohibido de manera estricta viajar, ya sea por la pandemia o por la violencia. En el caso del estado de Veracruz, dicha embajada destac\u00f3 que &#8220;no existen restricciones de viaje para los empleados del gobierno de EE. UU.&#8221; Los estados a los que la Embajada de plano no recomienda viajar a sus connacionales, y de manera espec\u00edfica a los empleados del gobierno de EU, son: Colima, Guerrero, Michoac\u00e1n, Sinaloa y Tamaulipas. Y los estados en los que la embajada norteamericana pide reconsiderar viajar son Chihuahua, Coahuila, Durango, Jalisco, Estado de M\u00e9xico, Morelos, Nayarit, Nuevo Le\u00f3n, San Luis Potos\u00ed, Sonora y Zacatecas.<\/p>\n\n\n\n<p><strong>OTRA NOTA:&nbsp;<\/strong>M\u00e1s pol\u00edticos veracruzanos infectados de Covid-19: Hip\u00f3lito Deschamps, el alcalde panista de Medell\u00edn, que se hizo famoso porque baila solo en sus videos de TikTok o se videograba con su familia, report\u00f3 en sus redes sociales que dio positivo a Coronavirus. Otro \u00bfpanista? que tambi\u00e9n ventil\u00f3 su estado de salud por las benditas redes sociales es el de diputado por P\u00e1nuco, Rodrigo Garc\u00eda Escalante, cuyo hermano Ricardo, diputado federal, tambi\u00e9n se enferm\u00f3 en d\u00edas pasados.<\/p>\n\n\n\n<p><strong>OTRA NOTA EXTRA:\u00a0<\/strong>El mi\u00e9rcoles dec\u00eda que apenas se iba a analizar, pero ya de plano por la noche, el gobernador Cuitl\u00e1huac Garc\u00eda Jim\u00e9nez anunci\u00f3 que el Comit\u00e9 T\u00e9cnico de Salud tom\u00f3 la decisi\u00f3n de que la ceremonia del grito del pr\u00f3ximo\u00a0<a href=\"outlook-data-detector:\/\/6\">15 de septiembre<\/a>\u00a0se realice virtualmente, y sea transmitida a trav\u00e9s de los medios electr\u00f3nicos y redes sociales, sin la presencia de personas en las plazas p\u00fablicas debido a la situaci\u00f3n epidemiol\u00f3gica en la que se encuentra el estado de Veracruz&#8230; No faltar\u00e1 el idiota que haga lo contrario, ya sabe.<\/p>\n\n\n\n<p><strong>LA \u00daLTIMA PORQUE YA ES VIERNES PARA UN STOLI:<\/strong>\u00a0En sesi\u00f3n p\u00fablica no presencial de resoluci\u00f3n, celebrada por videoconferencia, la Sala Regional Xalapa del Tribunal Electoral del Poder Judicial de la Federaci\u00f3n (TEPJF) confirm\u00f3 sendas sentencias emitidas por el Tribunal Electoral de Veracruz (TEV) que, entre otras cuestiones, declararon fundada la violencia pol\u00edtica en raz\u00f3n de g\u00e9nero, por una parte, ejercida por el presidente municipal de Altotonga en contra de la regidora quinta del Ayuntamiento, derivada de la obstaculizaci\u00f3n del ejercicio de su cargo y, por otra parte, la ejercida por diversos integrantes del Ayuntamiento de Coatzacoalcos, en contra de la regidora decimoprimera.<\/p>\n\n\n\n<p><strong>@pablojair<\/strong><\/p>\n","protected":false},"excerpt":{"rendered":"<p>+ Alerta de EEUU no proh\u00edbe viajar a Veracruz.+ M\u00e1s pol\u00edticos veracruzanos infectados de Covid-19.+ Grito de Independencia en Veracruz ser\u00e1 virtual.+ Violencia de g\u00e9nero en Altotonga y Coatzacoalcos. Ya llegamos a los 3 mil en Veracruz y a Fernandito le vale madre\u2026&#8211;Chopenjawer Este mi\u00e9rcoles, en la sede del Poder Judicial, hubo evento de bienvenida [&hellip;]<\/p>\n","protected":false},"author":1,"featured_media":488,"comment_status":"open","ping_status":"open","sticky":false,"template":"","format":"standard","meta":{"_jetpack_memberships_contains_paid_content":false,"footnotes":""},"categories":[11],"tags":[],"class_list":["post-4710","post","type-post","status-publish","format-standard","has-post-thumbnail","hentry","category-opinion"],"jetpack_featured_media_url":"https:\/\/encuentroinformativo.com.mx\/wp-content\/uploads\/2020\/03\/F471F608-BA1A-416B-BA7B-BCFB24F4E6D0.jpeg","jetpack_sharing_enabled":true,"jetpack_likes_enabled":true,"amp_enabled":true,"_links":{"self":[{"href":"https:\/\/encuentroinformativo.com.mx\/index.php?rest_route=\/wp\/v2\/posts\/4710","targetHints":{"allow":["GET"]}}],"collection":[{"href":"https:\/\/encuentroinformativo.com.mx\/index.php?rest_route=\/wp\/v2\/posts"}],"about":[{"href":"https:\/\/encuentroinformativo.com.mx\/index.php?rest_route=\/wp\/v2\/types\/post"}],"author":[{"embeddable":true,"href":"https:\/\/encuentroinformativo.com.mx\/index.php?rest_route=\/wp\/v2\/users\/1"}],"replies":[{"embeddable":true,"href":"https:\/\/encuentroinformativo.com.mx\/index.php?rest_route=%2Fwp%2Fv2%2Fcomments&post=4710"}],"version-history":[{"count":1,"href":"https:\/\/encuentroinformativo.com.mx\/index.php?rest_route=\/wp\/v2\/posts\/4710\/revisions"}],"predecessor-version":[{"id":4711,"href":"https:\/\/encuentroinformativo.com.mx\/index.php?rest_route=\/wp\/v2\/posts\/4710\/revisions\/4711"}],"wp:featuredmedia":[{"embeddable":true,"href":"https:\/\/encuentroinformativo.com.mx\/index.php?rest_route=\/wp\/v2\/media\/488"}],"wp:attachment":[{"href":"https:\/\/encuentroinformativo.com.mx\/index.php?rest_route=%2Fwp%2Fv2%2Fmedia&parent=4710"}],"wp:term":[{"taxonomy":"category","embeddable":true,"href":"https:\/\/encuentroinformativo.com.mx\/index.php?rest_route=%2Fwp%2Fv2%2Fcategories&post=4710"},{"taxonomy":"post_tag","embeddable":true,"href":"https:\/\/encuentroinformativo.com.mx\/index.php?rest_route=%2Fwp%2Fv2%2Ftags&post=4710"}],"curies":[{"name":"wp","href":"https:\/\/api.w.org\/{rel}","templated":true}]}}