{"id":47102,"date":"2023-11-02T14:38:15","date_gmt":"2023-11-02T20:38:15","guid":{"rendered":"https:\/\/encuentroinformativo.com.mx\/?p=47102"},"modified":"2023-11-02T14:38:16","modified_gmt":"2023-11-02T20:38:16","slug":"canaco-xalapa-busca-dialogo-con-gobernador","status":"publish","type":"post","link":"https:\/\/encuentroinformativo.com.mx\/?p=47102","title":{"rendered":"CANACO Xalapa busca di\u00e1logo con Gobernador"},"content":{"rendered":"\n<p><strong>Dar\u00edo Pale <\/strong><\/p>\n\n\n\n<p>Xalapa, Ver.- La Canaco Xalapa busca un di\u00e1logo con el gobernador Cuitl\u00e1huac Garc\u00eda Jim\u00e9nez, esto tras los se\u00f1alamientos por presuntas extorsiones, as\u00ed lo dio a conocer el presidente de dicha c\u00e1mara Carlos Luna Gomez.<\/p>\n\n\n\n<p>En entrevista solicit\u00f3 al gobernador Cuitl\u00e1huac Garc\u00eda Jim\u00e9nez una reuni\u00f3n y generar acuerdos respetuosos para incentivar el desarrollo de la econom\u00eda veracruzana, lo anterior, tras diversos se\u00f1alamientos hacia el sector empresarial. \u00a0<\/p>\n\n\n\n<p>\u201cQueremos di\u00e1logo directo con el gobernador del estado para poder platicar de estos temas (\u2026); fuera de contexto (las declaraciones a la prensa), porque solamente se escucha una parte de la versi\u00f3n as\u00ed que es complejo hacer una idea real de lo que est\u00e1 sucediendo; no hemos tenido la oportunidad de hacer un posicionamiento con el gobernador\u201d, se\u00f1al\u00f3.<\/p>\n\n\n\n<p>Enfatiz\u00f3 que s\u00f3lo se ha escuchado, \u201ca una de las partes, con quien estamos pidiendo sentarnos, obviamente, el sentarnos con la PMA no es una soluci\u00f3n absolutamente en nada porque necesitamos a alguien de jerarqu\u00eda superior para que podamos establecer un di\u00e1logo y no seamos juez y parte\u201d. \u00a0<\/p>\n\n\n\n<p>Y es que empresarios agremiados a la COPARMEX dieron a conocer supuestos actos de acoso y extorsi\u00f3n de parte de la Procuradur\u00eda Estatal de Medio Ambiente por el incumpliendo en asuntos de car\u00e1cter ambiental. \u00a0<\/p>\n\n\n\n<p>Sin embargo, autoridades estatales, incluso el titular del Ejecutivo, han comentado que la situaci\u00f3n tiene origen tras una multa impuesta a uno de los agremiados, lo que est\u00e1 alejando de una extorsi\u00f3n. \u00a0\u00a0<\/p>\n\n\n\n<p>En ese sentido, Luna G\u00f3mez, reiter\u00f3 que es necesario que el mandatario estatal acepte el di\u00e1logo. \u00a0<\/p>\n\n\n\n<p>\u201cY coadyubar en el crecimiento de Veracruz, los empresarios no queremos absolutamente ninguna cuesti\u00f3n fuera de ley, pero s\u00ed necesitamos hacernos escuchar a partir de lo que nosotros observamos que se pueden mejorar\u201d, coment\u00f3.<\/p>\n\n\n\n<p>Por lo anterior, refiri\u00f3 que no hay una estimaci\u00f3n concreta de cuantas empresas han resultado afectadas con estos supuestos acosos; al menos en la Canaco. \u00a0<\/p>\n\n\n\n<p>Finalmente dio a conocer que, \u201cno todas pertenecen a estos gremios, definitivamente, tambi\u00e9n esta es una invitaci\u00f3n a las empresas, a que se unan a los diversos gremios a los que pertenecen dependiendo de las actividades que realizan (\u2026). Pero pues tampoco ha habido una denuncia al respecto, tambi\u00e9n es importante recalcarlo, la procuraci\u00f3n de justicia en el estado tambi\u00e9n es una situaci\u00f3n que debemos realizar\u201d.<\/p>\n","protected":false},"excerpt":{"rendered":"<p>Dar\u00edo Pale Xalapa, Ver.- La Canaco Xalapa busca un di\u00e1logo con el gobernador Cuitl\u00e1huac Garc\u00eda Jim\u00e9nez, esto tras los se\u00f1alamientos por presuntas extorsiones, as\u00ed lo dio a conocer el presidente de dicha c\u00e1mara Carlos Luna Gomez. En entrevista solicit\u00f3 al gobernador Cuitl\u00e1huac Garc\u00eda Jim\u00e9nez una reuni\u00f3n y generar acuerdos respetuosos para incentivar el desarrollo de [&hellip;]<\/p>\n","protected":false},"author":2476,"featured_media":47103,"comment_status":"open","ping_status":"open","sticky":false,"template":"","format":"standard","meta":{"_jetpack_memberships_contains_paid_content":false,"footnotes":""},"categories":[3],"tags":[],"class_list":["post-47102","post","type-post","status-publish","format-standard","has-post-thumbnail","hentry","category-xalapa"],"jetpack_featured_media_url":"https:\/\/encuentroinformativo.com.mx\/wp-content\/uploads\/2023\/11\/IMG-20231102-WA00152.jpg","jetpack_sharing_enabled":true,"jetpack_likes_enabled":true,"amp_enabled":true,"_links":{"self":[{"href":"https:\/\/encuentroinformativo.com.mx\/index.php?rest_route=\/wp\/v2\/posts\/47102","targetHints":{"allow":["GET"]}}],"collection":[{"href":"https:\/\/encuentroinformativo.com.mx\/index.php?rest_route=\/wp\/v2\/posts"}],"about":[{"href":"https:\/\/encuentroinformativo.com.mx\/index.php?rest_route=\/wp\/v2\/types\/post"}],"author":[{"embeddable":true,"href":"https:\/\/encuentroinformativo.com.mx\/index.php?rest_route=\/wp\/v2\/users\/2476"}],"replies":[{"embeddable":true,"href":"https:\/\/encuentroinformativo.com.mx\/index.php?rest_route=%2Fwp%2Fv2%2Fcomments&post=47102"}],"version-history":[{"count":1,"href":"https:\/\/encuentroinformativo.com.mx\/index.php?rest_route=\/wp\/v2\/posts\/47102\/revisions"}],"predecessor-version":[{"id":47104,"href":"https:\/\/encuentroinformativo.com.mx\/index.php?rest_route=\/wp\/v2\/posts\/47102\/revisions\/47104"}],"wp:featuredmedia":[{"embeddable":true,"href":"https:\/\/encuentroinformativo.com.mx\/index.php?rest_route=\/wp\/v2\/media\/47103"}],"wp:attachment":[{"href":"https:\/\/encuentroinformativo.com.mx\/index.php?rest_route=%2Fwp%2Fv2%2Fmedia&parent=47102"}],"wp:term":[{"taxonomy":"category","embeddable":true,"href":"https:\/\/encuentroinformativo.com.mx\/index.php?rest_route=%2Fwp%2Fv2%2Fcategories&post=47102"},{"taxonomy":"post_tag","embeddable":true,"href":"https:\/\/encuentroinformativo.com.mx\/index.php?rest_route=%2Fwp%2Fv2%2Ftags&post=47102"}],"curies":[{"name":"wp","href":"https:\/\/api.w.org\/{rel}","templated":true}]}}