{"id":47105,"date":"2023-11-02T14:41:24","date_gmt":"2023-11-02T20:41:24","guid":{"rendered":"https:\/\/encuentroinformativo.com.mx\/?p=47105"},"modified":"2023-11-02T14:41:25","modified_gmt":"2023-11-02T20:41:25","slug":"hagamos-la-encuesta-para-que-los-veracruzanos-decidan-julen-rementeria","status":"publish","type":"post","link":"https:\/\/encuentroinformativo.com.mx\/?p=47105","title":{"rendered":"Hagamos la encuesta para que los veracruzanos decidan: Julen Rementer\u00eda"},"content":{"rendered":"\n<p><strong>Alejandro \u00c1vila<\/strong><\/p>\n\n\n\n<p>Veracruz, Ver.- El coordinador de Senadores del Partido Acci\u00f3n Nacional, Julen Rementer\u00eda del Puerto, destac\u00f3 que \u00e9l sigue \u201cpuesto\u201d para participar en la elecci\u00f3n de Coordinador del Frente Amplio por Veracruz, y sigue a favor de la encuesta para que la sociedad decida.<\/p>\n\n\n\n<p>\u201cEl Frente Amplio va m\u00e1s all\u00e1 de cu\u00e1les son los estados y de qu\u00e9 g\u00e9nero toca hombre o mujer, en el caso de Veracruz toca hombre y que al partido que tocar\u00e1 registrar ser\u00e1 al PRI, debemos tener en cuenta a la ciudadan\u00eda para que se designe a los mejores\u201d, refiri\u00f3.<\/p>\n\n\n\n<p>Rementer\u00eda del Puerto a\u00f1adi\u00f3 que, as\u00ed como en el Frente Amplio por M\u00e9xico, la sociedad eligi\u00f3 a X\u00f3chitl G\u00e1lvez, como coordinadora del FAM, que no es militante de ning\u00fan partido, en Veracruz tendr\u00e1 que ser lo mismo, y que haya un proceso en el que todos est\u00e9n acuerdo todos, quienes aspiran a participar y la sociedad.<\/p>\n\n\n\n<p>\u201cYo esperar\u00eda ahora que ya est\u00e1 decidido, que como lo menciona el presidente de mi partido, Marko Cort\u00e9s, que es hombre y que le toca registrarlo al PRI, que se abra un proceso para que este partido lo conduzca, tengamos la oportunidad de participar todos los que hemos levantado la mano, los que tenemos esa intenci\u00f3n y que se registre al mejor, elegido por los veracruzanos\u201d, apunt\u00f3.<\/p>\n\n\n\n<p>Asimismo, coincidi\u00f3 con la sociedad civil, que se debe elegir al m\u00e1s competitivo, el que tenga el mayor respaldo de la gente, el que digan las encuestas y con unidad ganarle a Morena que en estos a\u00f1os ha destruido la entidad.&nbsp;<\/p>\n\n\n\n<p>\u201cEsta elecci\u00f3n de quien coordinar\u00e1 el Frente Amplio por Veracruz, tiene que validarlo la sociedad civil, porque la sociedad civil est\u00e1 muy pendiente de lo que quiere y exige participar y adem\u00e1s merece que participe para que podamos tener un mejor resultado en el a\u00f1o 2024. Por eso los invito a que trabajemos con responsabilidad por y para los veracruzanos, y as\u00f3 salvar a Veracruz\u201d, finaliz\u00f3.<\/p>\n","protected":false},"excerpt":{"rendered":"<p>Alejandro \u00c1vila Veracruz, Ver.- El coordinador de Senadores del Partido Acci\u00f3n Nacional, Julen Rementer\u00eda del Puerto, destac\u00f3 que \u00e9l sigue \u201cpuesto\u201d para participar en la elecci\u00f3n de Coordinador del Frente Amplio por Veracruz, y sigue a favor de la encuesta para que la sociedad decida. \u201cEl Frente Amplio va m\u00e1s all\u00e1 de cu\u00e1les son los [&hellip;]<\/p>\n","protected":false},"author":2476,"featured_media":47106,"comment_status":"open","ping_status":"open","sticky":false,"template":"","format":"standard","meta":{"_jetpack_memberships_contains_paid_content":false,"footnotes":""},"categories":[2],"tags":[],"class_list":["post-47105","post","type-post","status-publish","format-standard","has-post-thumbnail","hentry","category-estado"],"jetpack_featured_media_url":"https:\/\/encuentroinformativo.com.mx\/wp-content\/uploads\/2023\/11\/IMG-20231102-WA0008.jpg","jetpack_sharing_enabled":true,"jetpack_likes_enabled":true,"amp_enabled":true,"_links":{"self":[{"href":"https:\/\/encuentroinformativo.com.mx\/index.php?rest_route=\/wp\/v2\/posts\/47105","targetHints":{"allow":["GET"]}}],"collection":[{"href":"https:\/\/encuentroinformativo.com.mx\/index.php?rest_route=\/wp\/v2\/posts"}],"about":[{"href":"https:\/\/encuentroinformativo.com.mx\/index.php?rest_route=\/wp\/v2\/types\/post"}],"author":[{"embeddable":true,"href":"https:\/\/encuentroinformativo.com.mx\/index.php?rest_route=\/wp\/v2\/users\/2476"}],"replies":[{"embeddable":true,"href":"https:\/\/encuentroinformativo.com.mx\/index.php?rest_route=%2Fwp%2Fv2%2Fcomments&post=47105"}],"version-history":[{"count":1,"href":"https:\/\/encuentroinformativo.com.mx\/index.php?rest_route=\/wp\/v2\/posts\/47105\/revisions"}],"predecessor-version":[{"id":47107,"href":"https:\/\/encuentroinformativo.com.mx\/index.php?rest_route=\/wp\/v2\/posts\/47105\/revisions\/47107"}],"wp:featuredmedia":[{"embeddable":true,"href":"https:\/\/encuentroinformativo.com.mx\/index.php?rest_route=\/wp\/v2\/media\/47106"}],"wp:attachment":[{"href":"https:\/\/encuentroinformativo.com.mx\/index.php?rest_route=%2Fwp%2Fv2%2Fmedia&parent=47105"}],"wp:term":[{"taxonomy":"category","embeddable":true,"href":"https:\/\/encuentroinformativo.com.mx\/index.php?rest_route=%2Fwp%2Fv2%2Fcategories&post=47105"},{"taxonomy":"post_tag","embeddable":true,"href":"https:\/\/encuentroinformativo.com.mx\/index.php?rest_route=%2Fwp%2Fv2%2Ftags&post=47105"}],"curies":[{"name":"wp","href":"https:\/\/api.w.org\/{rel}","templated":true}]}}