{"id":47111,"date":"2023-11-02T14:47:35","date_gmt":"2023-11-02T20:47:35","guid":{"rendered":"https:\/\/encuentroinformativo.com.mx\/?p=47111"},"modified":"2023-11-02T14:47:36","modified_gmt":"2023-11-02T20:47:36","slug":"recibe-pepe-yunes-premio-aguila-canacintra-al-merito-legislativo","status":"publish","type":"post","link":"https:\/\/encuentroinformativo.com.mx\/?p=47111","title":{"rendered":"Recibe Pepe Yunes premio \u201c\u00c1guila CANACINTRA al m\u00e9rito legislativo\u201d"},"content":{"rendered":"\n<p><strong>Alejandro \u00c1vila<\/strong><\/p>\n\n\n\n<p>Veracruz, Ver.- Ante los resultados como representante de la sociedad en el pleno del Congreso de la Uni\u00f3n,\u00a0 \u00a0con acciones claras que han significado un cambio a favor en la vida de los Veracruzanos, la C\u00e1mara Nacional de la Industria de la Transformaci\u00f3n (CANACINTRA) entreg\u00f3 al Diputado Federal Jos\u00e9 Yunes Zorrilla la Presea \u00c1guila CANACINTRA al M\u00e9rito Legislativo.<\/p>\n\n\n\n<p>Durante la ceremonia de premiaci\u00f3n, la presidenta de CANACINTRA, Esperanza Ortega Azar, al hacer la entrega de la presea destac\u00f3 que Pepe Yunes es una muestra clara de lo que la sociedad requiere en sus representantes: individuos comprometidos, honestos y enfocados en impulsar una agenda de cambios a favor de la sociedad.<\/p>\n\n\n\n<p>En sus palabras, la presidenta de CANACINTRA se\u00f1al\u00f3: &#8220;El compromiso, la honestidad y el impulso de una agenda que beneficia a la sociedad son cualidades que el Diputado Pepe Yunes, ha demostrado en su labor legislativa. CANACINTRA reconoce y aprecia estas cualidades que son esenciales para un representante eficaz y comprometido&#8221;, dijo.<\/p>\n\n\n\n<p>Por su parte, el Diputado Federal Pepe Yunes agradeci\u00f3 el reconocimiento y reconoci\u00f3 el papel fundamental de CANACINTRA en el desarrollo de la industria y la transformaci\u00f3n en el pa\u00eds. Afirm\u00f3 que este premio representa un compromiso renovado para continuar trabajando en temas de inter\u00e9s nacional y estatal.<\/p>\n\n\n\n<p>En sus palabras de agradecimiento, el Diputado Pepe Yunes se\u00f1alo que &#8220;la C\u00e1mara de Diputados es el punto de encuentro de las diversas representaciones de nuestro pa\u00eds. CANACINTRA nos llama a recuperar la vocaci\u00f3n centrista de la pol\u00edtica, a generar acuerdos y equilibrios. Mi compromiso es trabajar por los temas de Veracruz y del pa\u00eds. Este premio es una motivaci\u00f3n adicional para continuar con estos esfuerzos. Agradezco a CANACINTRA por este honor y la oportunidad de servir a M\u00e9xico&#8221;.<\/p>\n\n\n\n<p>El evento culmin\u00f3 con un llamado a la acci\u00f3n por parte del Diputado Pepe Yunes al sector industrial de nuestro pa\u00eds para seguir impulsando la econom\u00eda nacional, luego de comprometerse a trabajar en soluciones concretas para las emergencias que afectan a diversas regiones del pa\u00eds. La presea \u00c1guila CANACINTRA al m\u00e9rito legislativo reconoce su labor destacada y su compromiso con la sociedad<\/p>\n","protected":false},"excerpt":{"rendered":"<p>Alejandro \u00c1vila Veracruz, Ver.- Ante los resultados como representante de la sociedad en el pleno del Congreso de la Uni\u00f3n,\u00a0 \u00a0con acciones claras que han significado un cambio a favor en la vida de los Veracruzanos, la C\u00e1mara Nacional de la Industria de la Transformaci\u00f3n (CANACINTRA) entreg\u00f3 al Diputado Federal Jos\u00e9 Yunes Zorrilla la Presea [&hellip;]<\/p>\n","protected":false},"author":2476,"featured_media":47112,"comment_status":"open","ping_status":"open","sticky":false,"template":"","format":"standard","meta":{"_jetpack_memberships_contains_paid_content":false,"footnotes":""},"categories":[2],"tags":[],"class_list":["post-47111","post","type-post","status-publish","format-standard","has-post-thumbnail","hentry","category-estado"],"jetpack_featured_media_url":"https:\/\/encuentroinformativo.com.mx\/wp-content\/uploads\/2023\/11\/IMG-20231102-WA00532.jpg","jetpack_sharing_enabled":true,"jetpack_likes_enabled":true,"amp_enabled":true,"_links":{"self":[{"href":"https:\/\/encuentroinformativo.com.mx\/index.php?rest_route=\/wp\/v2\/posts\/47111","targetHints":{"allow":["GET"]}}],"collection":[{"href":"https:\/\/encuentroinformativo.com.mx\/index.php?rest_route=\/wp\/v2\/posts"}],"about":[{"href":"https:\/\/encuentroinformativo.com.mx\/index.php?rest_route=\/wp\/v2\/types\/post"}],"author":[{"embeddable":true,"href":"https:\/\/encuentroinformativo.com.mx\/index.php?rest_route=\/wp\/v2\/users\/2476"}],"replies":[{"embeddable":true,"href":"https:\/\/encuentroinformativo.com.mx\/index.php?rest_route=%2Fwp%2Fv2%2Fcomments&post=47111"}],"version-history":[{"count":1,"href":"https:\/\/encuentroinformativo.com.mx\/index.php?rest_route=\/wp\/v2\/posts\/47111\/revisions"}],"predecessor-version":[{"id":47113,"href":"https:\/\/encuentroinformativo.com.mx\/index.php?rest_route=\/wp\/v2\/posts\/47111\/revisions\/47113"}],"wp:featuredmedia":[{"embeddable":true,"href":"https:\/\/encuentroinformativo.com.mx\/index.php?rest_route=\/wp\/v2\/media\/47112"}],"wp:attachment":[{"href":"https:\/\/encuentroinformativo.com.mx\/index.php?rest_route=%2Fwp%2Fv2%2Fmedia&parent=47111"}],"wp:term":[{"taxonomy":"category","embeddable":true,"href":"https:\/\/encuentroinformativo.com.mx\/index.php?rest_route=%2Fwp%2Fv2%2Fcategories&post=47111"},{"taxonomy":"post_tag","embeddable":true,"href":"https:\/\/encuentroinformativo.com.mx\/index.php?rest_route=%2Fwp%2Fv2%2Ftags&post=47111"}],"curies":[{"name":"wp","href":"https:\/\/api.w.org\/{rel}","templated":true}]}}